{"id":6229,"date":"2024-11-08T15:50:02","date_gmt":"2024-11-08T14:50:02","guid":{"rendered":"https:\/\/www.saas-fee.ch\/blog\/?p=6229"},"modified":"2024-11-08T15:50:03","modified_gmt":"2024-11-08T14:50:03","slug":"lhistoire-due-ski-dans-la-vallee-de-saas-lattes-de-bois-et-precurseurs","status":"publish","type":"post","link":"https:\/\/www.saas-fee.ch\/blog\/2024\/11\/lhistoire-due-ski-dans-la-vallee-de-saas-lattes-de-bois-et-precurseurs\/","title":{"rendered":"L&#8217;histoire due ski dans la Vall\u00e9e de Saas: Lattes de bois et pr\u00e9curseurs"},"content":{"rendered":"\n<p>Le ski est bien plus qu\u2019un simple sport. C\u2019est une passion qui unit les g\u00e9n\u00e9rations, une forme d\u2019art qui marie la pr\u00e9cision technique \u00e0 la beaut\u00e9 sauvage de la nature, et une tradition qui s\u2019enracine profond\u00e9ment dans l\u2019histoire des r\u00e9gions alpines. Entour\u00e9e de ses 4000, la Vall\u00e9e de Saas est un lieu o\u00f9 la fascination pour le ski de piste prend vie de mani\u00e8re particuli\u00e8rement pr\u00e9gnante.<\/p>\n\n\n\n<h4 class=\"wp-block-heading\">Comment tout a commenc\u00e9<\/h4>\n\n\n\n<p>L\u2019\u00e9pop\u00e9e du ski dans la Vall\u00e9e de Saas trouve ses origines dans l\u2019audace d\u2019un homme exceptionnel: le pasteur Johann Josef Imseng. N\u00e9 en 1806 \u00e0 Saas-Fee, Imseng \u00e9tait non seulement un guide spirituel, mais aussi un visionnaire des sports d\u2019hiver. En des temps o\u00f9 le ski \u00e9tait encore inconnu, Imseng a su entrevoir le potentiel de ce nouveau moyen de d\u00e9placement.<\/p>\n\n\n\n<figure class=\"wp-block-gallery has-nested-images columns-default is-cropped wp-block-gallery-1 is-layout-flex wp-block-gallery-is-layout-flex\">\n<figure class=\"wp-block-image size-large\"><a href=\"https:\/\/www.saas-fee.ch\/blog\/wp-content\/uploads\/2024\/11\/Skifahren-Hohsaas-Maerz-23-100-scaled.jpg\"><img loading=\"lazy\" decoding=\"async\" width=\"1024\" height=\"683\" data-id=\"6207\" src=\"https:\/\/www.saas-fee.ch\/blog\/wp-content\/uploads\/2024\/11\/Skifahren-Hohsaas-Maerz-23-100-1024x683.jpg\" alt=\"\" class=\"wp-image-6207\" srcset=\"https:\/\/www.saas-fee.ch\/blog\/wp-content\/uploads\/2024\/11\/Skifahren-Hohsaas-Maerz-23-100-1024x683.jpg 1024w, https:\/\/www.saas-fee.ch\/blog\/wp-content\/uploads\/2024\/11\/Skifahren-Hohsaas-Maerz-23-100-300x200.jpg 300w, https:\/\/www.saas-fee.ch\/blog\/wp-content\/uploads\/2024\/11\/Skifahren-Hohsaas-Maerz-23-100-768x512.jpg 768w, https:\/\/www.saas-fee.ch\/blog\/wp-content\/uploads\/2024\/11\/Skifahren-Hohsaas-Maerz-23-100-1536x1024.jpg 1536w, https:\/\/www.saas-fee.ch\/blog\/wp-content\/uploads\/2024\/11\/Skifahren-Hohsaas-Maerz-23-100-2048x1365.jpg 2048w, https:\/\/www.saas-fee.ch\/blog\/wp-content\/uploads\/2024\/11\/Skifahren-Hohsaas-Maerz-23-100-345x230.jpg 345w, https:\/\/www.saas-fee.ch\/blog\/wp-content\/uploads\/2024\/11\/Skifahren-Hohsaas-Maerz-23-100-770x513.jpg 770w, https:\/\/www.saas-fee.ch\/blog\/wp-content\/uploads\/2024\/11\/Skifahren-Hohsaas-Maerz-23-100-370x247.jpg 370w, https:\/\/www.saas-fee.ch\/blog\/wp-content\/uploads\/2024\/11\/Skifahren-Hohsaas-Maerz-23-100-440x294.jpg 440w, https:\/\/www.saas-fee.ch\/blog\/wp-content\/uploads\/2024\/11\/Skifahren-Hohsaas-Maerz-23-100-570x380.jpg 570w, https:\/\/www.saas-fee.ch\/blog\/wp-content\/uploads\/2024\/11\/Skifahren-Hohsaas-Maerz-23-100-170x113.jpg 170w\" sizes=\"auto, (max-width: 1024px) 100vw, 1024px\" \/><\/a><\/figure>\n\n\n\n<figure class=\"wp-block-image size-large\"><a href=\"https:\/\/www.saas-fee.ch\/blog\/wp-content\/uploads\/2024\/11\/Skifahren-Hohsaas-Maerz-23-101-scaled.jpg\"><img loading=\"lazy\" decoding=\"async\" width=\"1024\" height=\"683\" data-id=\"6202\" src=\"https:\/\/www.saas-fee.ch\/blog\/wp-content\/uploads\/2024\/11\/Skifahren-Hohsaas-Maerz-23-101-1024x683.jpg\" alt=\"\" class=\"wp-image-6202\" srcset=\"https:\/\/www.saas-fee.ch\/blog\/wp-content\/uploads\/2024\/11\/Skifahren-Hohsaas-Maerz-23-101-1024x683.jpg 1024w, https:\/\/www.saas-fee.ch\/blog\/wp-content\/uploads\/2024\/11\/Skifahren-Hohsaas-Maerz-23-101-300x200.jpg 300w, https:\/\/www.saas-fee.ch\/blog\/wp-content\/uploads\/2024\/11\/Skifahren-Hohsaas-Maerz-23-101-768x512.jpg 768w, https:\/\/www.saas-fee.ch\/blog\/wp-content\/uploads\/2024\/11\/Skifahren-Hohsaas-Maerz-23-101-1536x1024.jpg 1536w, https:\/\/www.saas-fee.ch\/blog\/wp-content\/uploads\/2024\/11\/Skifahren-Hohsaas-Maerz-23-101-2048x1365.jpg 2048w, https:\/\/www.saas-fee.ch\/blog\/wp-content\/uploads\/2024\/11\/Skifahren-Hohsaas-Maerz-23-101-345x230.jpg 345w, https:\/\/www.saas-fee.ch\/blog\/wp-content\/uploads\/2024\/11\/Skifahren-Hohsaas-Maerz-23-101-770x513.jpg 770w, https:\/\/www.saas-fee.ch\/blog\/wp-content\/uploads\/2024\/11\/Skifahren-Hohsaas-Maerz-23-101-370x247.jpg 370w, https:\/\/www.saas-fee.ch\/blog\/wp-content\/uploads\/2024\/11\/Skifahren-Hohsaas-Maerz-23-101-440x294.jpg 440w, https:\/\/www.saas-fee.ch\/blog\/wp-content\/uploads\/2024\/11\/Skifahren-Hohsaas-Maerz-23-101-570x380.jpg 570w, https:\/\/www.saas-fee.ch\/blog\/wp-content\/uploads\/2024\/11\/Skifahren-Hohsaas-Maerz-23-101-170x113.jpg 170w\" sizes=\"auto, (max-width: 1024px) 100vw, 1024px\" \/><\/a><\/figure>\n<\/figure>\n\n\n\n<div style=\"height:20px\" aria-hidden=\"true\" class=\"wp-block-spacer\"><\/div>\n\n\n\n<p>Durant l\u2019hiver 1849, alors que la liaison postale entre Saas-Fee et Saas-Grund \u00e9tait interrompue en raison d\u2019une abondance de neige, Imseng eut l\u2019id\u00e9e ing\u00e9nieuse d\u2019utiliser des planches en bois pour apporter les derniers sacrements \u00e0 un mourant. Inspir\u00e9 par des r\u00e9cits scandinaves, il fabriqua ses propres skis et se lan\u00e7a \u00e0 travers les pentes blanches, devenant le premier skieur de Suisse. Il a ainsi pos\u00e9 les bases du ski dans la Vall\u00e9e de Saas. Car son acte de bravoure n\u2019\u00e9tait pas seulement une action salvatrice, mais aussi le d\u00e9but d\u2019une nouvelle \u00e8re pour la r\u00e9gion.<\/p>\n\n\n\n<h4 class=\"wp-block-heading\">L\u2019\u00e9volution vers un paradis des sports d\u2019hiver<\/h4>\n\n\n\n<p>Lorsque les premi\u00e8res personnes pratiquant le ski ont pos\u00e9 leurs spatules \u00e0 Saas-Fee, elles ont d\u00e9couvert un d\u00e9cor hivernal immacul\u00e9, parfait pour s\u2019adonner \u00e0 cette nouvelle discipline. Les glaciers majestueux, les versants tapiss\u00e9s de poudre blanche et la clart\u00e9 des journ\u00e9es d\u2019hiver composaient un tableau idyllique. Au fil du temps, la Vall\u00e9e de Saas est devenue une destination pris\u00e9e des passionn\u00e9s de ski du monde entier.<\/p>\n\n\n\n<p>Dans les ann\u00e9es 50, le ski \u00e0 Saas-Fee a connu un v\u00e9ritable boom. La construction des premiers t\u00e9l\u00e9skis et t\u00e9l\u00e9ph\u00e9riques a permis d\u2019acc\u00e9der aux pistes en altitude, rendant ainsi le domaine skiable encore plus attrayant. L\u2019inauguration du Metro Alpin (1984), le funiculaire le plus haut du monde, a ouvert les portes du glacier \u00e0 3500 m d\u2019altitude, un exploit qui t\u00e9moigne de l\u2019ing\u00e9niosit\u00e9 des habitantes et habitants de la Vall\u00e9e de Saas pour relever des d\u00e9fis architecturaux audacieux. En effet, pour amener les \u00e9quipements et les pi\u00e8ces d\u00e9tach\u00e9es jusqu\u2019\u00e0 la station de Felskinn \u00e0 3000 m d\u2019altitude, il a fallu les d\u00e9monter et les transporter soit par h\u00e9licopt\u00e8re, soit suspendus au t\u00e9l\u00e9ph\u00e9rique de Felskinn, une prouesse logistique impressionnante.<\/p>\n\n\n\n<figure class=\"wp-block-image size-large\"><a href=\"https:\/\/www.saas-fee.ch\/blog\/wp-content\/uploads\/2024\/11\/Skifahren-Saas-Grund-Winter-23-24-22-scaled.jpg\"><img loading=\"lazy\" decoding=\"async\" width=\"1024\" height=\"683\" src=\"https:\/\/www.saas-fee.ch\/blog\/wp-content\/uploads\/2024\/11\/Skifahren-Saas-Grund-Winter-23-24-22-1024x683.jpg\" alt=\"\" class=\"wp-image-6203\" srcset=\"https:\/\/www.saas-fee.ch\/blog\/wp-content\/uploads\/2024\/11\/Skifahren-Saas-Grund-Winter-23-24-22-1024x683.jpg 1024w, https:\/\/www.saas-fee.ch\/blog\/wp-content\/uploads\/2024\/11\/Skifahren-Saas-Grund-Winter-23-24-22-300x200.jpg 300w, https:\/\/www.saas-fee.ch\/blog\/wp-content\/uploads\/2024\/11\/Skifahren-Saas-Grund-Winter-23-24-22-768x512.jpg 768w, https:\/\/www.saas-fee.ch\/blog\/wp-content\/uploads\/2024\/11\/Skifahren-Saas-Grund-Winter-23-24-22-1536x1024.jpg 1536w, https:\/\/www.saas-fee.ch\/blog\/wp-content\/uploads\/2024\/11\/Skifahren-Saas-Grund-Winter-23-24-22-2048x1365.jpg 2048w, https:\/\/www.saas-fee.ch\/blog\/wp-content\/uploads\/2024\/11\/Skifahren-Saas-Grund-Winter-23-24-22-345x230.jpg 345w, https:\/\/www.saas-fee.ch\/blog\/wp-content\/uploads\/2024\/11\/Skifahren-Saas-Grund-Winter-23-24-22-770x513.jpg 770w, https:\/\/www.saas-fee.ch\/blog\/wp-content\/uploads\/2024\/11\/Skifahren-Saas-Grund-Winter-23-24-22-370x247.jpg 370w, https:\/\/www.saas-fee.ch\/blog\/wp-content\/uploads\/2024\/11\/Skifahren-Saas-Grund-Winter-23-24-22-440x294.jpg 440w, https:\/\/www.saas-fee.ch\/blog\/wp-content\/uploads\/2024\/11\/Skifahren-Saas-Grund-Winter-23-24-22-570x380.jpg 570w, https:\/\/www.saas-fee.ch\/blog\/wp-content\/uploads\/2024\/11\/Skifahren-Saas-Grund-Winter-23-24-22-170x113.jpg 170w\" sizes=\"auto, (max-width: 1024px) 100vw, 1024px\" \/><\/a><\/figure>\n\n\n\n<div style=\"height:20px\" aria-hidden=\"true\" class=\"wp-block-spacer\"><\/div>\n\n\n\n<p>Aujourd\u2019hui, la r\u00e9gion touristique de Saas-Fee\/Saastal a su se r\u00e9inventer en alliant passion pour les sports d\u2019hiver et engagement \u00e9cologique. La destination mise sur les \u00e9nergies renouvelables et les technologies \u00e9cologiques pour pr\u00e9server l\u2019environnement naturel unique de la r\u00e9gion. Des remont\u00e9es m\u00e9caniques modernes et des installations d\u2019enneigement innovantes garantissent des conditions optimales tout en minimisant l\u2019empreinte \u00e9cologique.<\/p>\n\n\n\n<h4 class=\"wp-block-heading\">La magie du ski<\/h4>\n\n\n\n<p>Pourquoi le ski exerce-t-il une telle fascination? Peut-\u00eatre parce qu\u2019il r\u00e9unit en parfaite symbiose l\u2019activit\u00e9 physique, l\u2019exp\u00e9rience de la nature et un sentiment in\u00e9gal\u00e9 de libert\u00e9. Glisser doucement sur la neige qui scintille, ressentir l\u2019ivresse de la vitesse, s\u2019abandonner \u00e0 des mouvements fluides et harmonieux, tout cela cr\u00e9e une sensation de l\u00e9g\u00e8ret\u00e9, presque comme un vol en apesanteur. Le ski d\u00e9passe le cadre du sport. C\u2019est un art qui sollicite tout le corps tout en revitalisant et rafra\u00eechissant l\u2019esprit.<\/p>\n\n\n\n<figure class=\"wp-block-gallery has-nested-images columns-default is-cropped wp-block-gallery-2 is-layout-flex wp-block-gallery-is-layout-flex\">\n<figure class=\"wp-block-image size-large\"><a href=\"https:\/\/www.saas-fee.ch\/blog\/wp-content\/uploads\/2024\/11\/Freeride-Winter-2023-13-scaled.jpg\"><img loading=\"lazy\" decoding=\"async\" width=\"1024\" height=\"683\" data-id=\"6200\" src=\"https:\/\/www.saas-fee.ch\/blog\/wp-content\/uploads\/2024\/11\/Freeride-Winter-2023-13-1024x683.jpg\" alt=\"\" class=\"wp-image-6200\" srcset=\"https:\/\/www.saas-fee.ch\/blog\/wp-content\/uploads\/2024\/11\/Freeride-Winter-2023-13-1024x683.jpg 1024w, https:\/\/www.saas-fee.ch\/blog\/wp-content\/uploads\/2024\/11\/Freeride-Winter-2023-13-300x200.jpg 300w, https:\/\/www.saas-fee.ch\/blog\/wp-content\/uploads\/2024\/11\/Freeride-Winter-2023-13-768x512.jpg 768w, https:\/\/www.saas-fee.ch\/blog\/wp-content\/uploads\/2024\/11\/Freeride-Winter-2023-13-1536x1024.jpg 1536w, https:\/\/www.saas-fee.ch\/blog\/wp-content\/uploads\/2024\/11\/Freeride-Winter-2023-13-2048x1365.jpg 2048w, https:\/\/www.saas-fee.ch\/blog\/wp-content\/uploads\/2024\/11\/Freeride-Winter-2023-13-345x230.jpg 345w, https:\/\/www.saas-fee.ch\/blog\/wp-content\/uploads\/2024\/11\/Freeride-Winter-2023-13-770x513.jpg 770w, https:\/\/www.saas-fee.ch\/blog\/wp-content\/uploads\/2024\/11\/Freeride-Winter-2023-13-370x247.jpg 370w, https:\/\/www.saas-fee.ch\/blog\/wp-content\/uploads\/2024\/11\/Freeride-Winter-2023-13-440x294.jpg 440w, https:\/\/www.saas-fee.ch\/blog\/wp-content\/uploads\/2024\/11\/Freeride-Winter-2023-13-570x380.jpg 570w, https:\/\/www.saas-fee.ch\/blog\/wp-content\/uploads\/2024\/11\/Freeride-Winter-2023-13-170x113.jpg 170w\" sizes=\"auto, (max-width: 1024px) 100vw, 1024px\" \/><\/a><\/figure>\n\n\n\n<figure class=\"wp-block-image size-large\"><a href=\"https:\/\/www.saas-fee.ch\/blog\/wp-content\/uploads\/2024\/11\/Saas-Fee-Skifahren-Winter-2023-54-scaled.jpg\"><img loading=\"lazy\" decoding=\"async\" width=\"1024\" height=\"683\" data-id=\"6201\" src=\"https:\/\/www.saas-fee.ch\/blog\/wp-content\/uploads\/2024\/11\/Saas-Fee-Skifahren-Winter-2023-54-1024x683.jpg\" alt=\"\" class=\"wp-image-6201\" srcset=\"https:\/\/www.saas-fee.ch\/blog\/wp-content\/uploads\/2024\/11\/Saas-Fee-Skifahren-Winter-2023-54-1024x683.jpg 1024w, https:\/\/www.saas-fee.ch\/blog\/wp-content\/uploads\/2024\/11\/Saas-Fee-Skifahren-Winter-2023-54-300x200.jpg 300w, https:\/\/www.saas-fee.ch\/blog\/wp-content\/uploads\/2024\/11\/Saas-Fee-Skifahren-Winter-2023-54-768x512.jpg 768w, https:\/\/www.saas-fee.ch\/blog\/wp-content\/uploads\/2024\/11\/Saas-Fee-Skifahren-Winter-2023-54-1536x1024.jpg 1536w, https:\/\/www.saas-fee.ch\/blog\/wp-content\/uploads\/2024\/11\/Saas-Fee-Skifahren-Winter-2023-54-2048x1365.jpg 2048w, https:\/\/www.saas-fee.ch\/blog\/wp-content\/uploads\/2024\/11\/Saas-Fee-Skifahren-Winter-2023-54-345x230.jpg 345w, https:\/\/www.saas-fee.ch\/blog\/wp-content\/uploads\/2024\/11\/Saas-Fee-Skifahren-Winter-2023-54-770x513.jpg 770w, https:\/\/www.saas-fee.ch\/blog\/wp-content\/uploads\/2024\/11\/Saas-Fee-Skifahren-Winter-2023-54-370x247.jpg 370w, https:\/\/www.saas-fee.ch\/blog\/wp-content\/uploads\/2024\/11\/Saas-Fee-Skifahren-Winter-2023-54-440x294.jpg 440w, https:\/\/www.saas-fee.ch\/blog\/wp-content\/uploads\/2024\/11\/Saas-Fee-Skifahren-Winter-2023-54-570x380.jpg 570w, https:\/\/www.saas-fee.ch\/blog\/wp-content\/uploads\/2024\/11\/Saas-Fee-Skifahren-Winter-2023-54-170x113.jpg 170w\" sizes=\"auto, (max-width: 1024px) 100vw, 1024px\" \/><\/a><\/figure>\n<\/figure>\n\n\n\n<div style=\"height:20px\" aria-hidden=\"true\" class=\"wp-block-spacer\"><\/div>\n\n\n\n<p>C\u2019est pr\u00e9cis\u00e9ment cette sensation de l\u00e9g\u00e8ret\u00e9, piment\u00e9e d\u2019une pointe d\u2019adr\u00e9naline, que la r\u00e9gion Saas-Fee\/Saastal promet aux skieuses et skieurs. Avec plus de 150 km de pistes, Neus vous offrons de l\u2019\u00e9vasion dans un \u00e9crin de nature grandiose o\u00f9 le quotidien morose s\u2019estompe pour laisser place \u00e0 l\u2019excitation de la prochaine descente.<\/p>\n\n\n\n<p><strong><em>Vous trouverez cet article et d&#8217;autres histoires int\u00e9ressantes dans notre <a href=\"https:\/\/www.saas-fee.ch\/fr\/a-propos-de-la-destination\/magazine-saas-fee-saastal-4545\"><mark style=\"background-color:rgba(0, 0, 0, 0)\" class=\"has-inline-color has-vivid-red-color\">magazine de destination 4545<\/mark><\/a><\/em><\/strong>.<\/p>\n","protected":false},"excerpt":{"rendered":"<p>Le ski est bien plus qu\u2019un simple sport. C\u2019est une passion qui unit les g\u00e9n\u00e9rations, une forme d\u2019art qui marie la pr\u00e9cision technique \u00e0 la beaut\u00e9 sauvage de la nature, et une tradition qui s\u2019enracine profond\u00e9ment dans l\u2019histoire des r\u00e9gions alpines. Entour\u00e9e de ses 4000, la Vall\u00e9e de Saas est un lieu o\u00f9 la fascination [&hellip;]<\/p>\n","protected":false},"author":21,"featured_media":6205,"comment_status":"closed","ping_status":"open","sticky":false,"template":"","format":"standard","meta":{"footnotes":""},"categories":[284],"tags":[],"class_list":["post-6229","post","type-post","status-publish","format-standard","has-post-thumbnail","hentry","category-francais"],"_links":{"self":[{"href":"https:\/\/www.saas-fee.ch\/blog\/wp-json\/wp\/v2\/posts\/6229","targetHints":{"allow":["GET"]}}],"collection":[{"href":"https:\/\/www.saas-fee.ch\/blog\/wp-json\/wp\/v2\/posts"}],"about":[{"href":"https:\/\/www.saas-fee.ch\/blog\/wp-json\/wp\/v2\/types\/post"}],"author":[{"embeddable":true,"href":"https:\/\/www.saas-fee.ch\/blog\/wp-json\/wp\/v2\/users\/21"}],"replies":[{"embeddable":true,"href":"https:\/\/www.saas-fee.ch\/blog\/wp-json\/wp\/v2\/comments?post=6229"}],"version-history":[{"count":4,"href":"https:\/\/www.saas-fee.ch\/blog\/wp-json\/wp\/v2\/posts\/6229\/revisions"}],"predecessor-version":[{"id":6234,"href":"https:\/\/www.saas-fee.ch\/blog\/wp-json\/wp\/v2\/posts\/6229\/revisions\/6234"}],"wp:featuredmedia":[{"embeddable":true,"href":"https:\/\/www.saas-fee.ch\/blog\/wp-json\/wp\/v2\/media\/6205"}],"wp:attachment":[{"href":"https:\/\/www.saas-fee.ch\/blog\/wp-json\/wp\/v2\/media?parent=6229"}],"wp:term":[{"taxonomy":"category","embeddable":true,"href":"https:\/\/www.saas-fee.ch\/blog\/wp-json\/wp\/v2\/categories?post=6229"},{"taxonomy":"post_tag","embeddable":true,"href":"https:\/\/www.saas-fee.ch\/blog\/wp-json\/wp\/v2\/tags?post=6229"}],"curies":[{"name":"wp","href":"https:\/\/api.w.org\/{rel}","templated":true}]}}