{"id":4755,"date":"2023-05-02T11:48:22","date_gmt":"2023-05-02T09:48:22","guid":{"rendered":"https:\/\/www.saas-fee.ch\/blog\/?p=4755"},"modified":"2024-09-30T13:05:07","modified_gmt":"2024-09-30T11:05:07","slug":"de-swisstainable-a-lhydroelectricite-la-vallee-de-saas-met-laccent-sur-la-durabilite","status":"publish","type":"post","link":"https:\/\/www.saas-fee.ch\/blog\/2023\/05\/de-swisstainable-a-lhydroelectricite-la-vallee-de-saas-met-laccent-sur-la-durabilite\/","title":{"rendered":"De Swisstainable \u00e0 l\u2019hydro\u00e9lectricit\u00e9: La vall\u00e9e de Saas met l\u2019accent sur la durabilit\u00e9"},"content":{"rendered":"\n<p>La vall\u00e9e de Saas est une vall\u00e9e idyllique, connue pour ses paysages \u00e0 couper le souffle, son air pur et ses lacs de montagne cristallins. Cependant, c\u2019est aussi un endroit o\u00f9 les effets du changement climatique sur les glaciers et l\u2019\u00e9cosyst\u00e8me de la r\u00e9gion se font clairement sentir. Pour cette raison, la vall\u00e9e de Saas a lanc\u00e9 de nombreux <strong><a href=\"https:\/\/www.saas-fee.ch\/fr\/developpement-durable\" target=\"_blank\" rel=\"noreferrer noopener\">projets<\/a><\/strong> visant \u00e0 promouvoir le tourisme durable et la protection de l\u2019environnement dans cette r\u00e9gion de vacances.<\/p>\n\n\n\n<p>Les<strong><a href=\"https:\/\/www.myswitzerland.com\/fr-ch\/destinations\/paradis-des-skieurs-et-des-surfeurs\" target=\"_blank\" rel=\"noreferrer noopener\"> glaciers<\/a><\/strong> font partie des attractions les plus importantes de cette r\u00e9gion touristique. Toutefois, ils sont \u00e9galement parmi les ressources naturelles les plus touch\u00e9es par le changement climatique. Pour cette raison, la vall\u00e9e de Saas s\u2019engage \u00e0 prot\u00e9ger et \u00e0 pr\u00e9server les glaciers. Toute la r\u00e9gion a une vision commune de la durabilit\u00e9. Cette vision et ce d\u00e9veloppement visent \u00e0 l\u2019\u00e9quilibre entre les objectifs \u00e9conomiques, \u00e9cologiques et sociaux. En outre, il s\u2019agit d\u2019un processus de conception qui n\u00e9cessite une nouvelle compr\u00e9hension de la coop\u00e9ration. De plus en plus de voyageurs se sentent concern\u00e9s par la durabilit\u00e9 et cherchent des moyens de voyager en respectant mieux l\u2019environnement. Dans la vall\u00e9e de Saas, il existe de nombreuses initiatives et projets qui rendent cela possible. Nous aimerions vous en pr\u00e9senter quelques-uns dans ce billet de blog.<\/p>\n\n\n\n<figure data-wp-context=\"{&quot;imageId&quot;:&quot;69f357bd0a882&quot;}\" data-wp-interactive=\"core\/image\" data-wp-key=\"69f357bd0a882\" class=\"wp-block-image size-large wp-lightbox-container\"><img loading=\"lazy\" decoding=\"async\" width=\"1024\" height=\"767\" data-wp-class--hide=\"state.isContentHidden\" data-wp-class--show=\"state.isContentVisible\" data-wp-init=\"callbacks.setButtonStyles\" data-wp-on--click=\"actions.showLightbox\" data-wp-on--load=\"callbacks.setButtonStyles\" data-wp-on-window--resize=\"callbacks.setButtonStyles\" src=\"https:\/\/www.saas-fee.ch\/blog\/wp-content\/uploads\/2023\/05\/Gletschertrecking-Sommer-2022-15-1-1024x767.jpg\" alt=\"\" class=\"wp-image-4757\" srcset=\"https:\/\/www.saas-fee.ch\/blog\/wp-content\/uploads\/2023\/05\/Gletschertrecking-Sommer-2022-15-1-1024x767.jpg 1024w, https:\/\/www.saas-fee.ch\/blog\/wp-content\/uploads\/2023\/05\/Gletschertrecking-Sommer-2022-15-1-300x225.jpg 300w, https:\/\/www.saas-fee.ch\/blog\/wp-content\/uploads\/2023\/05\/Gletschertrecking-Sommer-2022-15-1-768x575.jpg 768w, https:\/\/www.saas-fee.ch\/blog\/wp-content\/uploads\/2023\/05\/Gletschertrecking-Sommer-2022-15-1-1536x1150.jpg 1536w, https:\/\/www.saas-fee.ch\/blog\/wp-content\/uploads\/2023\/05\/Gletschertrecking-Sommer-2022-15-1-2048x1534.jpg 2048w, https:\/\/www.saas-fee.ch\/blog\/wp-content\/uploads\/2023\/05\/Gletschertrecking-Sommer-2022-15-1-501x375.jpg 501w\" sizes=\"auto, (max-width: 1024px) 100vw, 1024px\" \/><button\n\t\t\tclass=\"lightbox-trigger\"\n\t\t\ttype=\"button\"\n\t\t\taria-haspopup=\"dialog\"\n\t\t\taria-label=\"Vergr\u00f6\u00dfern\"\n\t\t\tdata-wp-init=\"callbacks.initTriggerButton\"\n\t\t\tdata-wp-on--click=\"actions.showLightbox\"\n\t\t\tdata-wp-style--right=\"state.imageButtonRight\"\n\t\t\tdata-wp-style--top=\"state.imageButtonTop\"\n\t\t>\n\t\t\t<svg xmlns=\"http:\/\/www.w3.org\/2000\/svg\" width=\"12\" height=\"12\" fill=\"none\" viewBox=\"0 0 12 12\">\n\t\t\t\t<path fill=\"#fff\" d=\"M2 0a2 2 0 0 0-2 2v2h1.5V2a.5.5 0 0 1 .5-.5h2V0H2Zm2 10.5H2a.5.5 0 0 1-.5-.5V8H0v2a2 2 0 0 0 2 2h2v-1.5ZM8 12v-1.5h2a.5.5 0 0 0 .5-.5V8H12v2a2 2 0 0 1-2 2H8Zm2-12a2 2 0 0 1 2 2v2h-1.5V2a.5.5 0 0 0-.5-.5H8V0h2Z\" \/>\n\t\t\t<\/svg>\n\t\t<\/button><\/figure>\n\n\n\n<p><strong><a href=\"https:\/\/www.saas-fee.ch\/fr\/a-propos-de-la-destination\/saas-fee\" target=\"_blank\" rel=\"noreferrer noopener\">Le village sans voiture de Saas-Fee<\/a><\/strong> en est une condition pr\u00e9alable importante dans la vall\u00e9e de Saas. D\u00e8s <strong>1951<\/strong>, le village entour\u00e9 de haut sommets a d\u00e9cid\u00e9 de rester sans circulation. Comme il n\u2019y avait pas de route vers Saas-Fee jusque-l\u00e0, le village a toujours \u00e9t\u00e9 sans voiture. La m\u00eame ann\u00e9e, il devient membre de l\u2019Association des stations touristiques suisses sans voiture <a href=\"https:\/\/www.myswitzerland.com\/fr-ch\/destinations\/lieux-de-villegiature-et-ville\/localites-sans-voiture\/\" target=\"_blank\" rel=\"noreferrer noopener\"><strong>(GAST)<\/strong><\/a>. Saas-Fee est \u00e9galement membre fondateur d\u2019<strong><a href=\"https:\/\/alpenallianz.org\/fr\/sur-alliance-dans-les-alpes\/\" target=\"_blank\" rel=\"noreferrer noopener\">\u00abAlliance dans les Alpes\u00bb<\/a>,<\/strong> un r\u00e9seau de plus de 200 communes alpines internationales qui s\u2019engagent \u00e0 faire en sorte que les objectifs de la Convention alpine pour le d\u00e9veloppement durable dans les Alpes soient mis en \u0153uvre concr\u00e8tement. La municipalit\u00e9 s\u2019est fix\u00e9 pour objectif de r\u00e9duire le trafic individuel dans la r\u00e9gion et se concentre donc sur des moyens de transport alternatifs tels que l\u2019\u00e9lectromobilit\u00e9 et les transports publics. Cela r\u00e9duira l\u2019impact environnemental dans la r\u00e9gion et renforcera la vall\u00e9e de Saas en tant que r\u00e9gion de vacances durable.<\/p>\n\n\n\n<p>Un autre exemple de d\u00e9veloppement durable dans la vall\u00e9e de Saas est celui des <strong><a href=\"https:\/\/www.kraftwerkemattmarkag.ch\/\" target=\"_blank\" rel=\"noreferrer noopener\">centrales \u00e9lectriques de Mattmark<\/a><\/strong>. Les centrales hydro\u00e9lectriques sont une source d\u2019\u00e9nergie importante pour la vall\u00e9e de Saas et les r\u00e9gions environnantes. Ils produisent de l\u2019\u00e9nergie propre \u00e0 partir de ressources renouvelables et contribuent ainsi \u00e0 la r\u00e9duction des \u00e9missions de gaz \u00e0 effet de serre. Le <strong><a href=\"https:\/\/www.saas-fee.ch\/blog\/fr\/2022\/06\/la-force-de-la-nature\/\" target=\"_blank\" rel=\"noreferrer noopener\">r\u00e9servoir de Mattmark<\/a><\/strong> pr\u00e8s de Saas-Almagell est le plus grand barrage en terre d\u2019Europe. Il contient environ 100 millions de m<sup>3<\/sup> d\u2019eau pour la production d\u2019\u00e9lectricit\u00e9, utilis\u00e9e dans toute la vall\u00e9e de Saas. La production annuelle moyenne est de 649 millions de kWh, ce qui est suffisant pour environ 97&#8217;000 personnes par an en Suisse. Les visiteurs peuvent r\u00e9server une visite guid\u00e9e des centrales \u00e0 l\u2019avance et en apprendre davantage sur la production d\u2019\u00e9nergie.<\/p>\n\n\n\n<figure data-wp-context=\"{&quot;imageId&quot;:&quot;69f357bd0b0e1&quot;}\" data-wp-interactive=\"core\/image\" data-wp-key=\"69f357bd0b0e1\" class=\"wp-block-image size-large wp-lightbox-container\"><img loading=\"lazy\" decoding=\"async\" width=\"1024\" height=\"648\" data-wp-class--hide=\"state.isContentHidden\" data-wp-class--show=\"state.isContentVisible\" data-wp-init=\"callbacks.setButtonStyles\" data-wp-on--click=\"actions.showLightbox\" data-wp-on--load=\"callbacks.setButtonStyles\" data-wp-on-window--resize=\"callbacks.setButtonStyles\" src=\"https:\/\/www.saas-fee.ch\/blog\/wp-content\/uploads\/2023\/05\/Landschaft-Mattmarkstausee-2022-0039-1-1024x648.jpg\" alt=\"\" class=\"wp-image-4758\" srcset=\"https:\/\/www.saas-fee.ch\/blog\/wp-content\/uploads\/2023\/05\/Landschaft-Mattmarkstausee-2022-0039-1-1024x648.jpg 1024w, https:\/\/www.saas-fee.ch\/blog\/wp-content\/uploads\/2023\/05\/Landschaft-Mattmarkstausee-2022-0039-1-300x190.jpg 300w, https:\/\/www.saas-fee.ch\/blog\/wp-content\/uploads\/2023\/05\/Landschaft-Mattmarkstausee-2022-0039-1-768x486.jpg 768w, https:\/\/www.saas-fee.ch\/blog\/wp-content\/uploads\/2023\/05\/Landschaft-Mattmarkstausee-2022-0039-1-1536x972.jpg 1536w, https:\/\/www.saas-fee.ch\/blog\/wp-content\/uploads\/2023\/05\/Landschaft-Mattmarkstausee-2022-0039-1-2048x1296.jpg 2048w\" sizes=\"auto, (max-width: 1024px) 100vw, 1024px\" \/><button\n\t\t\tclass=\"lightbox-trigger\"\n\t\t\ttype=\"button\"\n\t\t\taria-haspopup=\"dialog\"\n\t\t\taria-label=\"Vergr\u00f6\u00dfern\"\n\t\t\tdata-wp-init=\"callbacks.initTriggerButton\"\n\t\t\tdata-wp-on--click=\"actions.showLightbox\"\n\t\t\tdata-wp-style--right=\"state.imageButtonRight\"\n\t\t\tdata-wp-style--top=\"state.imageButtonTop\"\n\t\t>\n\t\t\t<svg xmlns=\"http:\/\/www.w3.org\/2000\/svg\" width=\"12\" height=\"12\" fill=\"none\" viewBox=\"0 0 12 12\">\n\t\t\t\t<path fill=\"#fff\" d=\"M2 0a2 2 0 0 0-2 2v2h1.5V2a.5.5 0 0 1 .5-.5h2V0H2Zm2 10.5H2a.5.5 0 0 1-.5-.5V8H0v2a2 2 0 0 0 2 2h2v-1.5ZM8 12v-1.5h2a.5.5 0 0 0 .5-.5V8H12v2a2 2 0 0 1-2 2H8Zm2-12a2 2 0 0 1 2 2v2h-1.5V2a.5.5 0 0 0-.5-.5H8V0h2Z\" \/>\n\t\t\t<\/svg>\n\t\t<\/button><\/figure>\n\n\n\n<p>Une initiative passionnante mise en \u0153uvre dans la vall\u00e9e de Saas est <strong>la Semaine de la qualit\u00e9<\/strong>. Elle a lieu chaque ann\u00e9e en mai. C\u2019est l\u2019occasion pour les responsables du tourisme et les municipalit\u00e9s de mettre en \u0153uvre diverses campagnes et projets visant \u00e0 promouvoir le tourisme durable dans la r\u00e9gion. Il s\u2019agit, entre autres, de mobilit\u00e9, de mesures d\u2019\u00e9conomie d\u2019\u00e9nergie et de projets pour promouvoir l\u2019\u00e9conomie r\u00e9gionale. Au cours de cette semaine, le <strong><a href=\"https:\/\/nikin.ch\/pages\/nikin-mountain-clean-up-day-nikin-x-saastal\" target=\"_blank\" rel=\"noreferrer noopener\">Mountain Clean up Day<\/a><\/strong> avec <strong><a href=\"https:\/\/fr.nikin.ch\/\" target=\"_blank\" rel=\"noreferrer noopener\">NIKIN<\/a> <\/strong>a \u00e9galement lieu. NIKIN est un partenaire durable de la r\u00e9gion Saas-Fee\/Saastal et s\u2019est fix\u00e9 pour objectif d\u2019avoir un impact positif sur l\u2019environnement gr\u00e2ce \u00e0 la vente de v\u00eatements et d\u2019accessoires durables et \u00e0 la plantation d\u2019arbres. Le Mountain Clean up Day est un \u00e9v\u00e9nement annuel au cours duquel des b\u00e9n\u00e9voles ramassent les d\u00e9chets dans la vall\u00e9e de Saas. Les communes travaillent en \u00e9troite collaboration avec les \u00e9coles et les entreprises pour s\u2019assurer que la vall\u00e9e de Saas reste un endroit propre \u00e0 l\u2019avenir.<\/p>\n\n\n\n<figure data-wp-context=\"{&quot;imageId&quot;:&quot;69f357bd0b83c&quot;}\" data-wp-interactive=\"core\/image\" data-wp-key=\"69f357bd0b83c\" class=\"wp-block-image size-large wp-lightbox-container\"><img loading=\"lazy\" decoding=\"async\" width=\"1024\" height=\"683\" data-wp-class--hide=\"state.isContentHidden\" data-wp-class--show=\"state.isContentVisible\" data-wp-init=\"callbacks.setButtonStyles\" data-wp-on--click=\"actions.showLightbox\" data-wp-on--load=\"callbacks.setButtonStyles\" data-wp-on-window--resize=\"callbacks.setButtonStyles\" src=\"https:\/\/www.saas-fee.ch\/blog\/wp-content\/uploads\/2023\/05\/DSC08198-1-1024x683.jpg\" alt=\"\" class=\"wp-image-4759\" srcset=\"https:\/\/www.saas-fee.ch\/blog\/wp-content\/uploads\/2023\/05\/DSC08198-1-1024x683.jpg 1024w, https:\/\/www.saas-fee.ch\/blog\/wp-content\/uploads\/2023\/05\/DSC08198-1-300x200.jpg 300w, https:\/\/www.saas-fee.ch\/blog\/wp-content\/uploads\/2023\/05\/DSC08198-1-768x512.jpg 768w, https:\/\/www.saas-fee.ch\/blog\/wp-content\/uploads\/2023\/05\/DSC08198-1-1536x1024.jpg 1536w, https:\/\/www.saas-fee.ch\/blog\/wp-content\/uploads\/2023\/05\/DSC08198-1-2048x1365.jpg 2048w, https:\/\/www.saas-fee.ch\/blog\/wp-content\/uploads\/2023\/05\/DSC08198-1-345x230.jpg 345w, https:\/\/www.saas-fee.ch\/blog\/wp-content\/uploads\/2023\/05\/DSC08198-1-770x513.jpg 770w, https:\/\/www.saas-fee.ch\/blog\/wp-content\/uploads\/2023\/05\/DSC08198-1-370x247.jpg 370w, https:\/\/www.saas-fee.ch\/blog\/wp-content\/uploads\/2023\/05\/DSC08198-1-440x294.jpg 440w, https:\/\/www.saas-fee.ch\/blog\/wp-content\/uploads\/2023\/05\/DSC08198-1-570x380.jpg 570w, https:\/\/www.saas-fee.ch\/blog\/wp-content\/uploads\/2023\/05\/DSC08198-1-170x113.jpg 170w\" sizes=\"auto, (max-width: 1024px) 100vw, 1024px\" \/><button\n\t\t\tclass=\"lightbox-trigger\"\n\t\t\ttype=\"button\"\n\t\t\taria-haspopup=\"dialog\"\n\t\t\taria-label=\"Vergr\u00f6\u00dfern\"\n\t\t\tdata-wp-init=\"callbacks.initTriggerButton\"\n\t\t\tdata-wp-on--click=\"actions.showLightbox\"\n\t\t\tdata-wp-style--right=\"state.imageButtonRight\"\n\t\t\tdata-wp-style--top=\"state.imageButtonTop\"\n\t\t>\n\t\t\t<svg xmlns=\"http:\/\/www.w3.org\/2000\/svg\" width=\"12\" height=\"12\" fill=\"none\" viewBox=\"0 0 12 12\">\n\t\t\t\t<path fill=\"#fff\" d=\"M2 0a2 2 0 0 0-2 2v2h1.5V2a.5.5 0 0 1 .5-.5h2V0H2Zm2 10.5H2a.5.5 0 0 1-.5-.5V8H0v2a2 2 0 0 0 2 2h2v-1.5ZM8 12v-1.5h2a.5.5 0 0 0 .5-.5V8H12v2a2 2 0 0 1-2 2H8Zm2-12a2 2 0 0 1 2 2v2h-1.5V2a.5.5 0 0 0-.5-.5H8V0h2Z\" \/>\n\t\t\t<\/svg>\n\t\t<\/button><\/figure>\n\n\n\n<p>La commune de Saas-Fee a re\u00e7u le <strong><a href=\"https:\/\/www.energiestadt.ch\/fr\/cite-de-lenergie\/devenir-cite-de-lrenergie\/devenir-cite-de-lrenergie-gold-132.html\" target=\"_blank\" rel=\"noreferrer noopener\">label Energy City GOLD<\/a><\/strong> en 2021. Le label est d\u00e9cern\u00e9 aux municipalit\u00e9s qui illustrent et mettent en \u0153uvre une politique \u00e9nerg\u00e9tique durable.&nbsp; Il s\u2019agit de la plus haute distinction europ\u00e9enne dans le domaine de l\u2019\u00e9nergie et du climat, son crit\u00e8re \u00e9tant qu\u2019au moins 75 % du potentiel d\u2019action soit mis en \u0153uvre. Exploitant <strong>78,6 %<\/strong> du potentiel, la municipalit\u00e9 de Saas-Fee obtient donc d\u2019excellents r\u00e9sultats dans l\u2019\u00e9valuation. Elle garantit ainsi la mise en \u0153uvre continue des mesures de politique \u00e9nerg\u00e9tique et climatique.<\/p>\n\n\n\n<p>Pour son engagement en faveur du tourisme durable, la municipalit\u00e9 de Saas-Fee a \u00e9t\u00e9 nomm\u00e9e l\u2019un des <strong><a href=\"https:\/\/www.stv-fst.ch\/fr\/durabilite\/centre-de-competences\/best-tourism-villages\" target=\"_blank\" rel=\"noreferrer noopener\">meilleurs villages touristiques<\/a><\/strong> par <strong><a href=\"https:\/\/www.unwto.org\/fr\" target=\"_blank\" rel=\"noreferrer noopener\">UNTWO<\/a><\/strong> en 2022. Ce prix est d\u00e9cern\u00e9 aux communes particuli\u00e8rement engag\u00e9es dans le tourisme durable. Saas-Fee et la vall\u00e9e de Saas ont \u00e9t\u00e9 particuli\u00e8rement convaincantes en raison de leur engagement en faveur du d\u00e9veloppement durable.<\/p>\n\n\n\n<figure data-wp-context=\"{&quot;imageId&quot;:&quot;69f357bd0c03a&quot;}\" data-wp-interactive=\"core\/image\" data-wp-key=\"69f357bd0c03a\" class=\"wp-block-image size-large wp-lightbox-container\"><img loading=\"lazy\" decoding=\"async\" width=\"819\" height=\"1024\" data-wp-class--hide=\"state.isContentHidden\" data-wp-class--show=\"state.isContentVisible\" data-wp-init=\"callbacks.setButtonStyles\" data-wp-on--click=\"actions.showLightbox\" data-wp-on--load=\"callbacks.setButtonStyles\" data-wp-on-window--resize=\"callbacks.setButtonStyles\" src=\"https:\/\/www.saas-fee.ch\/blog\/wp-content\/uploads\/2023\/05\/Saas-Fee_Spileboden_Sommer_2022-1-819x1024.jpg\" alt=\"\" class=\"wp-image-4760\" srcset=\"https:\/\/www.saas-fee.ch\/blog\/wp-content\/uploads\/2023\/05\/Saas-Fee_Spileboden_Sommer_2022-1-819x1024.jpg 819w, https:\/\/www.saas-fee.ch\/blog\/wp-content\/uploads\/2023\/05\/Saas-Fee_Spileboden_Sommer_2022-1-240x300.jpg 240w, https:\/\/www.saas-fee.ch\/blog\/wp-content\/uploads\/2023\/05\/Saas-Fee_Spileboden_Sommer_2022-1-768x960.jpg 768w, https:\/\/www.saas-fee.ch\/blog\/wp-content\/uploads\/2023\/05\/Saas-Fee_Spileboden_Sommer_2022-1-1229x1536.jpg 1229w, https:\/\/www.saas-fee.ch\/blog\/wp-content\/uploads\/2023\/05\/Saas-Fee_Spileboden_Sommer_2022-1-1638x2048.jpg 1638w, https:\/\/www.saas-fee.ch\/blog\/wp-content\/uploads\/2023\/05\/Saas-Fee_Spileboden_Sommer_2022-1-scaled.jpg 2048w\" sizes=\"auto, (max-width: 819px) 100vw, 819px\" \/><button\n\t\t\tclass=\"lightbox-trigger\"\n\t\t\ttype=\"button\"\n\t\t\taria-haspopup=\"dialog\"\n\t\t\taria-label=\"Vergr\u00f6\u00dfern\"\n\t\t\tdata-wp-init=\"callbacks.initTriggerButton\"\n\t\t\tdata-wp-on--click=\"actions.showLightbox\"\n\t\t\tdata-wp-style--right=\"state.imageButtonRight\"\n\t\t\tdata-wp-style--top=\"state.imageButtonTop\"\n\t\t>\n\t\t\t<svg xmlns=\"http:\/\/www.w3.org\/2000\/svg\" width=\"12\" height=\"12\" fill=\"none\" viewBox=\"0 0 12 12\">\n\t\t\t\t<path fill=\"#fff\" d=\"M2 0a2 2 0 0 0-2 2v2h1.5V2a.5.5 0 0 1 .5-.5h2V0H2Zm2 10.5H2a.5.5 0 0 1-.5-.5V8H0v2a2 2 0 0 0 2 2h2v-1.5ZM8 12v-1.5h2a.5.5 0 0 0 .5-.5V8H12v2a2 2 0 0 1-2 2H8Zm2-12a2 2 0 0 1 2 2v2h-1.5V2a.5.5 0 0 0-.5-.5H8V0h2Z\" \/>\n\t\t\t<\/svg>\n\t\t<\/button><\/figure>\n\n\n\n<p>Le <strong><a href=\"https:\/\/www.3906.ch\/nahwaermeverbund\" target=\"_blank\" rel=\"noreferrer noopener\">r\u00e9seau de chauffage urbain<\/a><\/strong>, qui a \u00e9t\u00e9 construit \u00e0 Saas-Fee en collaboration avec <strong><a href=\"https:\/\/www.enalpin.com\/\" target=\"_blank\" rel=\"noreferrer noopener\">EnAlpin<\/a><\/strong>, offre aux entreprises et aux m\u00e9nages la possibilit\u00e9 de se connecter \u00e0 des \u00e9nergies renouvelables. Divers h\u00f4tels et \u00e9tablissements utilisent d\u00e9j\u00e0 ce r\u00e9seau, notamment l\u2019auberge de jeunesse <a href=\"https:\/\/www.youthhostel.ch\/fr\/auberges\/saas-fee-wellness-hostel-4000\/\" target=\"_blank\" rel=\"noreferrer noopener\"><strong>wellnessHostel4000<\/strong><\/a>, le <a href=\"https:\/\/www.walliserhof-saasfee.ch\/fr-ch\" target=\"_blank\" rel=\"noreferrer noopener\"><strong>Walliserhof Grand-Hotel &amp; Spa<\/strong><\/a>, <a href=\"https:\/\/www.capra.ch\/fr\/\" target=\"_blank\" rel=\"noreferrer noopener\"><strong>The Capra, boutique-h\u00f4tel de luxe et de bien-\u00eatre<\/strong><\/a>, et le <strong><a href=\"https:\/\/www.3906.ch\/nahwaermeverbund\" target=\"_blank\" rel=\"noreferrer noopener\">centre communautaire<\/a><\/strong> de Saas-Fee.<br>Le c\u0153ur du r\u00e9seau de chauffage urbain est situ\u00e9 dans le centre technique du parking \u00e0 \u00e9tages de Saas-Fee. L\u00e0, la chaleur est extraite de l\u2019air ambiant, surtout en \u00e9t\u00e9, puis livr\u00e9e aux propri\u00e9t\u00e9s connect\u00e9es. En \u00e9t\u00e9, la chaleur est utilis\u00e9e pour chauffer l\u2019eau. Cela produit \u00e9galement un exc\u00e8s de chaleur. Pendant les mois chauds, il est stock\u00e9 dans 90 sondes g\u00e9othermiques dans la roche sous le parking \u00e0 plusieurs \u00e9tages. Une sonde g\u00e9othermique est un syst\u00e8me d\u2019utilisation de l\u2019\u00e9nergie g\u00e9othermique. Un pipeline est ins\u00e9r\u00e9 dans le sol pour extraire ou stocker la chaleur de l\u2019int\u00e9rieur de la Terre. En hiver, la chaleur de ce r\u00e9servoir de stockage est utilis\u00e9e pour chauffer le village. Une partie de l\u2019\u00e9nergie de la pompe \u00e0 chaleur est fournie par la centrale photovolta\u00efque situ\u00e9e sur le toit du parking. Le reste provient de NaturEnergie d\u2019EnAlpin, compos\u00e9 \u00e0 100 % d\u2019eau valaisanne et d\u2019\u00e9nergie solaire.<\/p>\n\n\n\n<p>En outre, l\u2019Office f\u00e9d\u00e9ral de l\u2019\u00e9nergie (OFEN) a cr\u00e9\u00e9 <strong><a href=\"https:\/\/www.prokw.ch\/\" target=\"_blank\" rel=\"noreferrer noopener\">le programme de financement ProKilowatt<\/a><\/strong>. Ce programme aide au financement de la conversion des sources d\u2019\u00e9nergie non renouvelables en \u00e9nergie renouvelable en Suisse<strong>. <a href=\"https:\/\/www.saas-fee.ch\/fr\/saastal-bergbahnen-ag\/developpement-durable-saastal-bergbahnen-ag\" target=\"_blank\" rel=\"noreferrer noopener\">Saastal Bergbahnen AG<\/a><\/strong> a soumis \u00e0 ProKilowatt une demande de subvention pour le projet de chauffage des puits du syst\u00e8me d\u2019enneigement. Avec ce syst\u00e8me de chauffage \u00e9conome en \u00e9nergie, les quelque 175 puits peuvent \u00eatre chauff\u00e9s beaucoup plus efficacement. Selon Saastal Bergbahnen AG, jusqu\u2019\u00e0 75 % de l\u2019\u00e9nergie de chauffage pourra \u00eatre \u00e9conomis\u00e9e. D\u2019apr\u00e8s les calculs, cette mesure pourrait permettre d\u2019\u00e9conomiser jusqu\u2019\u00e0 105&#8217;000 kWh d\u2019enneigement technique.<\/p>\n\n\n\n<figure data-wp-context=\"{&quot;imageId&quot;:&quot;69f357bd0c7b4&quot;}\" data-wp-interactive=\"core\/image\" data-wp-key=\"69f357bd0c7b4\" class=\"wp-block-image size-large wp-lightbox-container\"><img loading=\"lazy\" decoding=\"async\" width=\"1024\" height=\"767\" data-wp-class--hide=\"state.isContentHidden\" data-wp-class--show=\"state.isContentVisible\" data-wp-init=\"callbacks.setButtonStyles\" data-wp-on--click=\"actions.showLightbox\" data-wp-on--load=\"callbacks.setButtonStyles\" data-wp-on-window--resize=\"callbacks.setButtonStyles\" src=\"https:\/\/www.saas-fee.ch\/blog\/wp-content\/uploads\/2023\/05\/DJI_0053-1-1024x767.jpg\" alt=\"\" class=\"wp-image-4761\" srcset=\"https:\/\/www.saas-fee.ch\/blog\/wp-content\/uploads\/2023\/05\/DJI_0053-1-1024x767.jpg 1024w, https:\/\/www.saas-fee.ch\/blog\/wp-content\/uploads\/2023\/05\/DJI_0053-1-300x225.jpg 300w, https:\/\/www.saas-fee.ch\/blog\/wp-content\/uploads\/2023\/05\/DJI_0053-1-768x576.jpg 768w, https:\/\/www.saas-fee.ch\/blog\/wp-content\/uploads\/2023\/05\/DJI_0053-1-1536x1151.jpg 1536w, https:\/\/www.saas-fee.ch\/blog\/wp-content\/uploads\/2023\/05\/DJI_0053-1-2048x1535.jpg 2048w, https:\/\/www.saas-fee.ch\/blog\/wp-content\/uploads\/2023\/05\/DJI_0053-1-501x375.jpg 501w\" sizes=\"auto, (max-width: 1024px) 100vw, 1024px\" \/><button\n\t\t\tclass=\"lightbox-trigger\"\n\t\t\ttype=\"button\"\n\t\t\taria-haspopup=\"dialog\"\n\t\t\taria-label=\"Vergr\u00f6\u00dfern\"\n\t\t\tdata-wp-init=\"callbacks.initTriggerButton\"\n\t\t\tdata-wp-on--click=\"actions.showLightbox\"\n\t\t\tdata-wp-style--right=\"state.imageButtonRight\"\n\t\t\tdata-wp-style--top=\"state.imageButtonTop\"\n\t\t>\n\t\t\t<svg xmlns=\"http:\/\/www.w3.org\/2000\/svg\" width=\"12\" height=\"12\" fill=\"none\" viewBox=\"0 0 12 12\">\n\t\t\t\t<path fill=\"#fff\" d=\"M2 0a2 2 0 0 0-2 2v2h1.5V2a.5.5 0 0 1 .5-.5h2V0H2Zm2 10.5H2a.5.5 0 0 1-.5-.5V8H0v2a2 2 0 0 0 2 2h2v-1.5ZM8 12v-1.5h2a.5.5 0 0 0 .5-.5V8H12v2a2 2 0 0 1-2 2H8Zm2-12a2 2 0 0 1 2 2v2h-1.5V2a.5.5 0 0 0-.5-.5H8V0h2Z\" \/>\n\t\t\t<\/svg>\n\t\t<\/button><\/figure>\n\n\n\n<p><strong><a href=\"https:\/\/www.stnet.ch\/fr\/swisstainable\/\" target=\"_blank\" rel=\"noreferrer noopener\">Swisstainable<\/a><\/strong> est une plateforme qui fait la promotion d\u2019offres de tourisme durable en Suisse. Elle offre une vari\u00e9t\u00e9 d\u2019options de voyage dans le respect de l\u2019environnement et socialement responsables. De cette fa\u00e7on, les voyageurs peuvent \u00eatre s\u00fbrs de voyager de mani\u00e8re durable tout en profitant de la beaut\u00e9 de la Suisse. Ils pourront voyager et profiter de leurs vacances de diff\u00e9rentes mani\u00e8res dans la vall\u00e9e de Saas tout en respectant l\u2019environnement.<\/p>\n\n\n\n<p>Voici quelques<strong> conseils pour passer des vacances dans le respect de l\u2019environnement dans la vall\u00e9e de Saas<\/strong> :<\/p>\n\n\n\n<ul class=\"wp-block-list\">\n<li><strong>Utilisez les transports en commun<\/strong>&nbsp;: voyagez en train ou en bus jusqu\u2019\u00e0 la vall\u00e9e de Saas. Les Chemins de fer f\u00e9d\u00e9raux suisses (CFF) proposent \u00e9galement un <strong><a href=\"https:\/\/www.sbb.ch\/fr\/gare-services\/avant-le-voyage\/bagages\/bagages\/bagages-a-domicile.html\" target=\"_blank\" rel=\"noreferrer noopener\">service de transport de bagages \u00e9cologique<\/a><\/strong> afin que les bagages arrivent \u00e0 destination pour votre confort. La vall\u00e9e de Saas est bien reli\u00e9e aux r\u00e9seaux ferroviaires et de bus suisses.<\/li>\n\n\n\n<li><strong>Utilisez la <a href=\"https:\/\/www.saas-fee.ch\/fr\/saastalcard\" target=\"_blank\" rel=\"noreferrer noopener\">SaastalCard <\/a>gratuite<\/strong>&nbsp;: avec cette carte, vous pouvez utiliser gratuitement les transports en commun dans la vall\u00e9e de Saas et ainsi vous passer de la voiture et prot\u00e9ger l\u2019environnement.<\/li>\n\n\n\n<li><strong>S\u00e9journez dans des h\u00e9bergements respectant l\u2019environnement&nbsp;<\/strong>: choisissez un h\u00e9bergement engag\u00e9 pour la durabilit\u00e9 et la protection de l\u2019environnement. De nombreux h\u00f4tels et maisons d\u2019h\u00f4tes de la vall\u00e9e de Saas misent sur des mesures \u00e9cologiques telles que le recyclage, l\u2019efficacit\u00e9 \u00e9nerg\u00e9tique et les produits locaux.<\/li>\n\n\n\n<li><strong>Donnez la pr\u00e9f\u00e9rence au r\u00e9gional<\/strong>&nbsp;: achetez des produits locaux, allez dans les restaurants sur place et soutenez les entreprises locales. Cela renforce l\u2019\u00e9conomie locale et r\u00e9duit l\u2019empreinte \u00e9cologique.<\/li>\n\n\n\n<li><strong>Randonn\u00e9e responsable<\/strong>&nbsp;: en randonn\u00e9e, restez sur les sentiers balis\u00e9s afin de ne pas polluer l\u2019environnement.<\/li>\n\n\n\n<li><strong>\u00c9vitez de jeter des d\u00e9chets<\/strong>&nbsp;: emportez vos d\u00e9chets avec vous et jetez-les dans les conteneurs pr\u00e9vus \u00e0 cet effet. \u00c9vitez les produits \u00e0 usage unique\u202f; utilisez des bouteilles et des gobelets r\u00e9utilisables pour r\u00e9duire le volume des d\u00e9chets.<\/li>\n<\/ul>\n\n\n\n<figure data-wp-context=\"{&quot;imageId&quot;:&quot;69f357bd0cf5a&quot;}\" data-wp-interactive=\"core\/image\" data-wp-key=\"69f357bd0cf5a\" class=\"wp-block-image size-large wp-lightbox-container\"><img loading=\"lazy\" decoding=\"async\" width=\"1024\" height=\"683\" data-wp-class--hide=\"state.isContentHidden\" data-wp-class--show=\"state.isContentVisible\" data-wp-init=\"callbacks.setButtonStyles\" data-wp-on--click=\"actions.showLightbox\" data-wp-on--load=\"callbacks.setButtonStyles\" data-wp-on-window--resize=\"callbacks.setButtonStyles\" src=\"https:\/\/www.saas-fee.ch\/blog\/wp-content\/uploads\/2023\/05\/PostAuto-Mattmargebiet.-2022-0001-1-1024x683.jpg\" alt=\"\" class=\"wp-image-4762\" srcset=\"https:\/\/www.saas-fee.ch\/blog\/wp-content\/uploads\/2023\/05\/PostAuto-Mattmargebiet.-2022-0001-1-1024x683.jpg 1024w, https:\/\/www.saas-fee.ch\/blog\/wp-content\/uploads\/2023\/05\/PostAuto-Mattmargebiet.-2022-0001-1-300x200.jpg 300w, https:\/\/www.saas-fee.ch\/blog\/wp-content\/uploads\/2023\/05\/PostAuto-Mattmargebiet.-2022-0001-1-768x512.jpg 768w, https:\/\/www.saas-fee.ch\/blog\/wp-content\/uploads\/2023\/05\/PostAuto-Mattmargebiet.-2022-0001-1-1536x1025.jpg 1536w, https:\/\/www.saas-fee.ch\/blog\/wp-content\/uploads\/2023\/05\/PostAuto-Mattmargebiet.-2022-0001-1-2048x1366.jpg 2048w, https:\/\/www.saas-fee.ch\/blog\/wp-content\/uploads\/2023\/05\/PostAuto-Mattmargebiet.-2022-0001-1-345x230.jpg 345w, https:\/\/www.saas-fee.ch\/blog\/wp-content\/uploads\/2023\/05\/PostAuto-Mattmargebiet.-2022-0001-1-770x513.jpg 770w, https:\/\/www.saas-fee.ch\/blog\/wp-content\/uploads\/2023\/05\/PostAuto-Mattmargebiet.-2022-0001-1-370x247.jpg 370w, https:\/\/www.saas-fee.ch\/blog\/wp-content\/uploads\/2023\/05\/PostAuto-Mattmargebiet.-2022-0001-1-440x294.jpg 440w, https:\/\/www.saas-fee.ch\/blog\/wp-content\/uploads\/2023\/05\/PostAuto-Mattmargebiet.-2022-0001-1-570x380.jpg 570w, https:\/\/www.saas-fee.ch\/blog\/wp-content\/uploads\/2023\/05\/PostAuto-Mattmargebiet.-2022-0001-1-170x113.jpg 170w\" sizes=\"auto, (max-width: 1024px) 100vw, 1024px\" \/><button\n\t\t\tclass=\"lightbox-trigger\"\n\t\t\ttype=\"button\"\n\t\t\taria-haspopup=\"dialog\"\n\t\t\taria-label=\"Vergr\u00f6\u00dfern\"\n\t\t\tdata-wp-init=\"callbacks.initTriggerButton\"\n\t\t\tdata-wp-on--click=\"actions.showLightbox\"\n\t\t\tdata-wp-style--right=\"state.imageButtonRight\"\n\t\t\tdata-wp-style--top=\"state.imageButtonTop\"\n\t\t>\n\t\t\t<svg xmlns=\"http:\/\/www.w3.org\/2000\/svg\" width=\"12\" height=\"12\" fill=\"none\" viewBox=\"0 0 12 12\">\n\t\t\t\t<path fill=\"#fff\" d=\"M2 0a2 2 0 0 0-2 2v2h1.5V2a.5.5 0 0 1 .5-.5h2V0H2Zm2 10.5H2a.5.5 0 0 1-.5-.5V8H0v2a2 2 0 0 0 2 2h2v-1.5ZM8 12v-1.5h2a.5.5 0 0 0 .5-.5V8H12v2a2 2 0 0 1-2 2H8Zm2-12a2 2 0 0 1 2 2v2h-1.5V2a.5.5 0 0 0-.5-.5H8V0h2Z\" \/>\n\t\t\t<\/svg>\n\t\t<\/button><\/figure>\n\n\n\n<p>La r\u00e9gion de vacances Saas-Fee\/Saastal surprend par ses montagnes et ses glaciers impressionnants mais nous rappelle \u00e9galement \u00e0 quel point il est important de traiter la nature de mani\u00e8re responsable. Nous nous effor\u00e7ons de prot\u00e9ger la vall\u00e9e de Saas et les autres paysages sur lesquels nous avons une influence directe en adoptant des pratiques durables et en r\u00e9duisant notre empreinte \u00e9cologique. C\u2019est la seule fa\u00e7on de permettre aux g\u00e9n\u00e9rations futures de profiter des m\u00eames paysages et exp\u00e9riences \u00e0 couper le souffle que nous vivons aujourd\u2019hui.<\/p>\n","protected":false},"excerpt":{"rendered":"<p>La vall\u00e9e de Saas est une vall\u00e9e idyllique, connue pour ses paysages \u00e0 couper le souffle, son air pur et ses lacs de montagne cristallins. Cependant, c\u2019est aussi un endroit o\u00f9 les effets du changement climatique sur les glaciers et l\u2019\u00e9cosyst\u00e8me de la r\u00e9gion se font clairement sentir. Pour cette raison, la vall\u00e9e de Saas [&hellip;]<\/p>\n","protected":false},"author":3,"featured_media":4711,"comment_status":"closed","ping_status":"open","sticky":false,"template":"","format":"standard","meta":{"footnotes":""},"categories":[128,284],"tags":[],"class_list":["post-4755","post","type-post","status-publish","format-standard","has-post-thumbnail","hentry","category-decouvrir-et-experimenter","category-francais"],"_links":{"self":[{"href":"https:\/\/www.saas-fee.ch\/blog\/wp-json\/wp\/v2\/posts\/4755","targetHints":{"allow":["GET"]}}],"collection":[{"href":"https:\/\/www.saas-fee.ch\/blog\/wp-json\/wp\/v2\/posts"}],"about":[{"href":"https:\/\/www.saas-fee.ch\/blog\/wp-json\/wp\/v2\/types\/post"}],"author":[{"embeddable":true,"href":"https:\/\/www.saas-fee.ch\/blog\/wp-json\/wp\/v2\/users\/3"}],"replies":[{"embeddable":true,"href":"https:\/\/www.saas-fee.ch\/blog\/wp-json\/wp\/v2\/comments?post=4755"}],"version-history":[{"count":9,"href":"https:\/\/www.saas-fee.ch\/blog\/wp-json\/wp\/v2\/posts\/4755\/revisions"}],"predecessor-version":[{"id":6193,"href":"https:\/\/www.saas-fee.ch\/blog\/wp-json\/wp\/v2\/posts\/4755\/revisions\/6193"}],"wp:featuredmedia":[{"embeddable":true,"href":"https:\/\/www.saas-fee.ch\/blog\/wp-json\/wp\/v2\/media\/4711"}],"wp:attachment":[{"href":"https:\/\/www.saas-fee.ch\/blog\/wp-json\/wp\/v2\/media?parent=4755"}],"wp:term":[{"taxonomy":"category","embeddable":true,"href":"https:\/\/www.saas-fee.ch\/blog\/wp-json\/wp\/v2\/categories?post=4755"},{"taxonomy":"post_tag","embeddable":true,"href":"https:\/\/www.saas-fee.ch\/blog\/wp-json\/wp\/v2\/tags?post=4755"}],"curies":[{"name":"wp","href":"https:\/\/api.w.org\/{rel}","templated":true}]}}