{"id":4531,"date":"2022-11-18T13:20:45","date_gmt":"2022-11-18T12:20:45","guid":{"rendered":"https:\/\/www.saas-fee.ch\/blog\/?p=4531"},"modified":"2023-10-22T14:02:14","modified_gmt":"2023-10-22T12:02:14","slug":"aus-alt-mach-neu","status":"publish","type":"post","link":"https:\/\/www.saas-fee.ch\/blog\/2022\/11\/aus-alt-mach-neu\/","title":{"rendered":"Aus Alt mach Neu"},"content":{"rendered":"\n<p class=\"has-text-align-left\"><em><strong>Vom Himmel an den R\u00fccken<br><\/strong> Ausgediente Gleitschirme m\u00fcssen jetzt nicht mehr weggeworfen werden. In <a href=\"https:\/\/www.saas-fee.ch\/de\/\" target=\"_blank\" rel=\"noreferrer noopener\" aria-label=\"Saas-Fee (\u00f6ffnet in neuem Tab)\">Saas-Fee<\/a> machen zwei Outdoorfans daraus hochwertige Tourenrucks\u00e4cke. Und schaffen so im vom Tourismus gepr\u00e4gten Ort begehrte Zwischensaison-Jobs.  <a href=\"http:\/\/www.berghilfe.ch\" target=\"_blank\" rel=\"noreferrer noopener\" aria-label=\"www.berghilfe.ch  (\u00f6ffnet in neuem Tab)\">www.berghilfe.ch <\/a><\/em><\/p>\n\n\n\n<figure class=\"wp-block-image size-large\"><img loading=\"lazy\" decoding=\"async\" width=\"683\" height=\"1024\" src=\"https:\/\/www.saas-fee.ch\/blog\/wp-content\/uploads\/2022\/11\/Suedlenz_rot1_Schwarzberg_Saas-Fee-683x1024.jpg\" alt=\"\" class=\"wp-image-4545\" srcset=\"https:\/\/www.saas-fee.ch\/blog\/wp-content\/uploads\/2022\/11\/Suedlenz_rot1_Schwarzberg_Saas-Fee-683x1024.jpg 683w, https:\/\/www.saas-fee.ch\/blog\/wp-content\/uploads\/2022\/11\/Suedlenz_rot1_Schwarzberg_Saas-Fee-200x300.jpg 200w, https:\/\/www.saas-fee.ch\/blog\/wp-content\/uploads\/2022\/11\/Suedlenz_rot1_Schwarzberg_Saas-Fee-768x1152.jpg 768w, https:\/\/www.saas-fee.ch\/blog\/wp-content\/uploads\/2022\/11\/Suedlenz_rot1_Schwarzberg_Saas-Fee-1024x1536.jpg 1024w, https:\/\/www.saas-fee.ch\/blog\/wp-content\/uploads\/2022\/11\/Suedlenz_rot1_Schwarzberg_Saas-Fee-1365x2048.jpg 1365w, https:\/\/www.saas-fee.ch\/blog\/wp-content\/uploads\/2022\/11\/Suedlenz_rot1_Schwarzberg_Saas-Fee-370x555.jpg 370w, https:\/\/www.saas-fee.ch\/blog\/wp-content\/uploads\/2022\/11\/Suedlenz_rot1_Schwarzberg_Saas-Fee-440x660.jpg 440w, https:\/\/www.saas-fee.ch\/blog\/wp-content\/uploads\/2022\/11\/Suedlenz_rot1_Schwarzberg_Saas-Fee-scaled.jpg 1707w\" sizes=\"auto, (max-width: 683px) 100vw, 683px\" \/><\/figure>\n\n\n\n<p><strong>Warum eigentlich, gibt es nicht schon genug nachhaltige Outdoor-Marken?<\/strong><br>Diese Frage findet man auf der <a href=\"https:\/\/schwarzberg-equipment.ch\/ch\/\" target=\"_blank\" rel=\"noreferrer noopener\" aria-label=\"Homepage von Schwarzberg (\u00f6ffnet in neuem Tab)\">Homepage von Schwarzberg<\/a>. Die Antwort dazu:<\/p>\n\n\n\n<p><em>Bestimmt ist dir bekannt, dass die Textilindustrie einer der Umwelt-sch\u00e4dlichsten ist. Viele Marken verwenden zwar nachhaltige oder recycelte Materialien f\u00fcr ihre Produktion. Aber auch Recyclingprozesse und vor allem Transportwege verbrauchen Energie und Ressourcen. Schwarzberg verwendet Material, das einmal hergestellt wurde, aber nicht mehr f\u00fcr den urspr\u00fcnglichen Zweck verwendet werden kann. Dadurch verl\u00e4ngern wir die Lebensdauer des Gewebes und vermindern Abfall. Reduziert wird auch die Notwendigkeit, neues Material herzustellen.<\/em><\/p>\n\n\n\n<p>Genau diese grossartige Idee, Tourenrucks\u00e4cke aus Gleitschirmen herzustellen, finden wir genial und verdient Aufmerksamkeit. Auch deshalb habe ich nicht lange gez\u00f6gert, als ich gefragt wurde, diesen Blogbeitrag zu schreiben. <\/p>\n\n\n\n<p>Aber wie kommt man auf solch eine Idee und wie setzt man sie um? Die Idee zu den Tourenrucks\u00e4cken entstand mehr oder weniger durch einen Zufall. <a rel=\"noreferrer noopener\" aria-label=\"Janine (\u00f6ffnet in neuem Tab)\" href=\"https:\/\/schwarzberg-equipment.ch\/ch\/about\/\" target=\"_blank\">Janine<\/a>, die es aus Liebe zu den Bergen nach <a rel=\"noreferrer noopener\" aria-label=\"Saas-Fee  (\u00f6ffnet in neuem Tab)\" href=\"https:\/\/www.saas-fee.ch\/de\/ueber-den-urlaubsort\/saas-fee\" target=\"_blank\">Saas-Fee <\/a>gezogen hat, lernte <a rel=\"noreferrer noopener\" aria-label=\"Ivan (\u00f6ffnet in neuem Tab)\" href=\"https:\/\/schwarzberg-equipment.ch\/ch\/about\/\" target=\"_blank\">Ivan<\/a> kennen, und gemeinsam haben sie diese Idee entwickelt. Ivan, begeisterter Skilehrer und Kitesurfer, hatte schon des l\u00e4ngeren die Idee, Rucks\u00e4cke aus dem Material seiner Schirme zu machen, das Material w\u00e4re seiner Meinung nach perfekt daf\u00fcr geeignet, nur fehlten ihm die n\u00f6tigen Skills, um den Rucksack selbst herzustellen. Janine, gelernte Textildesignerin und erfahrene Produktentwicklerin, sah direkt ein grosses Potenzial in dieser Idee und somit stellte sie den ersten Tourenrucksack aus einem Gleitschirm zusammen. Nach R\u00fcckmeldung von Ivan folgten auf die erste \u00abTestversion\u00bb direkt 3 weitere Prototypen. Dass es nicht bei den 4 Prototypen bleibt, war den beiden schnell nach einem ausgiebigen Testen im Winter klar und Janine begann in ihrer privaten Wohnung mit der ersten Serie der Tourenrucks\u00e4cke. An der Produktionsart wurde nichts ge\u00e4ndert, das Produkt sollte weiterhin umweltfreundlich und nachhaltig produziert werden und den Gleitschirmen sollte ein zweites Leben eingehaucht werden. <\/p>\n\n\n\n<figure class=\"wp-block-image size-large\"><img loading=\"lazy\" decoding=\"async\" width=\"768\" height=\"1024\" src=\"https:\/\/www.saas-fee.ch\/blog\/wp-content\/uploads\/2022\/11\/Zuschneiden_Handarbeit_Schwarzberg-768x1024.jpg\" alt=\"\" class=\"wp-image-4544\" srcset=\"https:\/\/www.saas-fee.ch\/blog\/wp-content\/uploads\/2022\/11\/Zuschneiden_Handarbeit_Schwarzberg-768x1024.jpg 768w, https:\/\/www.saas-fee.ch\/blog\/wp-content\/uploads\/2022\/11\/Zuschneiden_Handarbeit_Schwarzberg-225x300.jpg 225w, https:\/\/www.saas-fee.ch\/blog\/wp-content\/uploads\/2022\/11\/Zuschneiden_Handarbeit_Schwarzberg-1152x1536.jpg 1152w, https:\/\/www.saas-fee.ch\/blog\/wp-content\/uploads\/2022\/11\/Zuschneiden_Handarbeit_Schwarzberg-370x494.jpg 370w, https:\/\/www.saas-fee.ch\/blog\/wp-content\/uploads\/2022\/11\/Zuschneiden_Handarbeit_Schwarzberg.jpg 1536w\" sizes=\"auto, (max-width: 768px) 100vw, 768px\" \/><\/figure>\n\n\n\n<p>Mit dem Saastal haben die beiden auch den perfekten Ort, um aus ihrer Idee ein Business zu machen, im Saastal wird <a rel=\"noreferrer noopener\" aria-label=\"Nachhaltigkeit (\u00f6ffnet in neuem Tab)\" href=\"https:\/\/www.saas-fee.ch\/de\/nachhaltigkeit\" target=\"_blank\">Nachhaltigkeit<\/a> n\u00e4mlich grossgeschrieben. Und so z\u00f6gerten die beiden nicht lange und machten sich an die erste gr\u00f6ssere Produktion. Durch die Connection in der Kite-Szene von Ivan und Janines Umfeld von Gleitschirmfliegern hatten die beiden schnell genug neues Material, um die erste Serienproduktion zu starten und diese \u00fcber die eigene erstellte <a rel=\"noreferrer noopener\" aria-label=\"Webseite (\u00f6ffnet in neuem Tab)\" href=\"https:\/\/schwarzberg-equipment.ch\/ch\/shop\/\" target=\"_blank\">Webseite<\/a> zu verkaufen. Was die Organisation der Findung alter Gleitschirme angeht, so wurden beide schnell \u00fcberrascht, wie viel Leute solche nicht mehr brauchbaren Schirme herumliegen haben, es war am Ende so viel, dass die beiden f\u00fcr den Moment die Zulieferung stoppen mussten.<\/p>\n\n\n\n<p>Die Kunden sch\u00e4tzen an dem <a rel=\"noreferrer noopener\" aria-label=\"Produkt (\u00f6ffnet in neuem Tab)\" href=\"https:\/\/schwarzberg-equipment.ch\/ch\/product\/\" target=\"_blank\">Produkt<\/a> vor allem, dass das Produkt nachhaltig ist, dazu kommt, dass durch das Material die Rucks\u00e4cke sehr leicht sind und trotzdem eine Menge aushalten. Das konnten Janine und Ivan auch selbst \u00fcber das letzte Jahr testen, so nutzten Sie die Modelle bei Ski- und Snowboardtouren, Klettertouren wie z.B. die Klettertour aufs Weissmies, welche ihr in unserem letzten <a rel=\"noreferrer noopener\" aria-label=\"Blogbeitrag  (\u00f6ffnet in neuem Tab)\" href=\"https:\/\/www.saas-fee.ch\/blog\/2022\/09\/weissmies-ein-indiana-jones-pfad-in-den-alpen\/\" target=\"_blank\">Blogbeitrag <\/a>nachlesen k\u00f6nnt. Wer einen Rucksack von Schwarzberg kauft, kann davon ausgehen, dass sein erworbenes Modell nicht so ein zweites Mal gibt. Leute aus der Bergszene wissen, wie es mit dem Klimawandel steht und welche Auswirkungen dieser auf die Natur hat, deshalb sind die Kunden froh ein solches Upcycling Produkt zu unterst\u00fctzen.<\/p>\n\n\n\n<figure class=\"wp-block-gallery has-nested-images columns-default is-cropped wp-block-gallery-1 is-layout-flex wp-block-gallery-is-layout-flex\">\n<figure class=\"wp-block-image size-large\"><img loading=\"lazy\" decoding=\"async\" width=\"683\" height=\"1024\" data-id=\"4568\" src=\"https:\/\/www.saas-fee.ch\/blog\/wp-content\/uploads\/2022\/11\/Suedlenz_rot4_Schwarzberg_Saas-Fee-1-683x1024.jpg\" alt=\"\" class=\"wp-image-4568\" srcset=\"https:\/\/www.saas-fee.ch\/blog\/wp-content\/uploads\/2022\/11\/Suedlenz_rot4_Schwarzberg_Saas-Fee-1-683x1024.jpg 683w, https:\/\/www.saas-fee.ch\/blog\/wp-content\/uploads\/2022\/11\/Suedlenz_rot4_Schwarzberg_Saas-Fee-1-200x300.jpg 200w, https:\/\/www.saas-fee.ch\/blog\/wp-content\/uploads\/2022\/11\/Suedlenz_rot4_Schwarzberg_Saas-Fee-1-768x1152.jpg 768w, https:\/\/www.saas-fee.ch\/blog\/wp-content\/uploads\/2022\/11\/Suedlenz_rot4_Schwarzberg_Saas-Fee-1-1024x1536.jpg 1024w, https:\/\/www.saas-fee.ch\/blog\/wp-content\/uploads\/2022\/11\/Suedlenz_rot4_Schwarzberg_Saas-Fee-1-1365x2048.jpg 1365w, https:\/\/www.saas-fee.ch\/blog\/wp-content\/uploads\/2022\/11\/Suedlenz_rot4_Schwarzberg_Saas-Fee-1-370x555.jpg 370w, https:\/\/www.saas-fee.ch\/blog\/wp-content\/uploads\/2022\/11\/Suedlenz_rot4_Schwarzberg_Saas-Fee-1-440x660.jpg 440w, https:\/\/www.saas-fee.ch\/blog\/wp-content\/uploads\/2022\/11\/Suedlenz_rot4_Schwarzberg_Saas-Fee-1-scaled.jpg 1707w\" sizes=\"auto, (max-width: 683px) 100vw, 683px\" \/><\/figure>\n\n\n\n<figure class=\"wp-block-image size-large\"><img loading=\"lazy\" decoding=\"async\" width=\"683\" height=\"1024\" data-id=\"4569\" src=\"https:\/\/www.saas-fee.ch\/blog\/wp-content\/uploads\/2022\/11\/Suedlenz_rot5_Schwarzberg_Saas-Fee-1-683x1024.jpg\" alt=\"\" class=\"wp-image-4569\" srcset=\"https:\/\/www.saas-fee.ch\/blog\/wp-content\/uploads\/2022\/11\/Suedlenz_rot5_Schwarzberg_Saas-Fee-1-683x1024.jpg 683w, https:\/\/www.saas-fee.ch\/blog\/wp-content\/uploads\/2022\/11\/Suedlenz_rot5_Schwarzberg_Saas-Fee-1-200x300.jpg 200w, https:\/\/www.saas-fee.ch\/blog\/wp-content\/uploads\/2022\/11\/Suedlenz_rot5_Schwarzberg_Saas-Fee-1-768x1152.jpg 768w, https:\/\/www.saas-fee.ch\/blog\/wp-content\/uploads\/2022\/11\/Suedlenz_rot5_Schwarzberg_Saas-Fee-1-1024x1536.jpg 1024w, https:\/\/www.saas-fee.ch\/blog\/wp-content\/uploads\/2022\/11\/Suedlenz_rot5_Schwarzberg_Saas-Fee-1-1366x2048.jpg 1366w, https:\/\/www.saas-fee.ch\/blog\/wp-content\/uploads\/2022\/11\/Suedlenz_rot5_Schwarzberg_Saas-Fee-1-370x555.jpg 370w, https:\/\/www.saas-fee.ch\/blog\/wp-content\/uploads\/2022\/11\/Suedlenz_rot5_Schwarzberg_Saas-Fee-1-440x660.jpg 440w, https:\/\/www.saas-fee.ch\/blog\/wp-content\/uploads\/2022\/11\/Suedlenz_rot5_Schwarzberg_Saas-Fee-1-scaled.jpg 1707w\" sizes=\"auto, (max-width: 683px) 100vw, 683px\" \/><\/figure>\n\n\n\n<figure class=\"wp-block-image size-large\"><img loading=\"lazy\" decoding=\"async\" width=\"683\" height=\"1024\" data-id=\"4570\" src=\"https:\/\/www.saas-fee.ch\/blog\/wp-content\/uploads\/2022\/11\/Suedlenz_rot6_Schwarzberg_Saas-Fee-1-683x1024.jpg\" alt=\"\" class=\"wp-image-4570\" srcset=\"https:\/\/www.saas-fee.ch\/blog\/wp-content\/uploads\/2022\/11\/Suedlenz_rot6_Schwarzberg_Saas-Fee-1-683x1024.jpg 683w, https:\/\/www.saas-fee.ch\/blog\/wp-content\/uploads\/2022\/11\/Suedlenz_rot6_Schwarzberg_Saas-Fee-1-200x300.jpg 200w, https:\/\/www.saas-fee.ch\/blog\/wp-content\/uploads\/2022\/11\/Suedlenz_rot6_Schwarzberg_Saas-Fee-1-768x1152.jpg 768w, https:\/\/www.saas-fee.ch\/blog\/wp-content\/uploads\/2022\/11\/Suedlenz_rot6_Schwarzberg_Saas-Fee-1-1024x1536.jpg 1024w, https:\/\/www.saas-fee.ch\/blog\/wp-content\/uploads\/2022\/11\/Suedlenz_rot6_Schwarzberg_Saas-Fee-1-1365x2048.jpg 1365w, https:\/\/www.saas-fee.ch\/blog\/wp-content\/uploads\/2022\/11\/Suedlenz_rot6_Schwarzberg_Saas-Fee-1-370x555.jpg 370w, https:\/\/www.saas-fee.ch\/blog\/wp-content\/uploads\/2022\/11\/Suedlenz_rot6_Schwarzberg_Saas-Fee-1-440x660.jpg 440w, https:\/\/www.saas-fee.ch\/blog\/wp-content\/uploads\/2022\/11\/Suedlenz_rot6_Schwarzberg_Saas-Fee-1-scaled.jpg 1707w\" sizes=\"auto, (max-width: 683px) 100vw, 683px\" \/><\/figure>\n<\/figure>\n\n\n\n<p>Eines ist klar, Nachhaltigkeit wird immer wichtiger, deshalb macht so eine Produktion schon grunds\u00e4tzlich Sinn. Aber wie setzt man sich gegen grosse Konzerne durch? Es geht nicht unbedingt, sich gegen die grossen Konzerne durchzusetzen, beantwortet Janine, sondern vielmehr eine nachhaltigere Alternative zu bieten f\u00fcr die, die etwas Aussergew\u00f6hnliches suchen und damit auch etwas Gutes f\u00fcr unseren Planeten tun. Dank st\u00e4ndiger Feedbacks der Kunden k\u00f6nnen die beiden st\u00e4ndig an neuen Ideen arbeiten, so entstanden auch die Nebenprodukte wie eine G\u00fcrteltasche oder eine kleine \u00abMaterialtasche\u00bb. <\/p>\n\n\n\n<figure class=\"wp-block-gallery has-nested-images columns-default is-cropped wp-block-gallery-2 is-layout-flex wp-block-gallery-is-layout-flex\">\n<figure class=\"wp-block-image size-large\"><img loading=\"lazy\" decoding=\"async\" width=\"768\" height=\"1024\" data-id=\"4537\" src=\"https:\/\/www.saas-fee.ch\/blog\/wp-content\/uploads\/2022\/11\/Cresta_Produkt_Schwarzberg-768x1024.jpg\" alt=\"\" class=\"wp-image-4537\" srcset=\"https:\/\/www.saas-fee.ch\/blog\/wp-content\/uploads\/2022\/11\/Cresta_Produkt_Schwarzberg-768x1024.jpg 768w, https:\/\/www.saas-fee.ch\/blog\/wp-content\/uploads\/2022\/11\/Cresta_Produkt_Schwarzberg-225x300.jpg 225w, https:\/\/www.saas-fee.ch\/blog\/wp-content\/uploads\/2022\/11\/Cresta_Produkt_Schwarzberg-1152x1536.jpg 1152w, https:\/\/www.saas-fee.ch\/blog\/wp-content\/uploads\/2022\/11\/Cresta_Produkt_Schwarzberg-1536x2048.jpg 1536w, https:\/\/www.saas-fee.ch\/blog\/wp-content\/uploads\/2022\/11\/Cresta_Produkt_Schwarzberg-370x494.jpg 370w, https:\/\/www.saas-fee.ch\/blog\/wp-content\/uploads\/2022\/11\/Cresta_Produkt_Schwarzberg-scaled.jpg 1920w\" sizes=\"auto, (max-width: 768px) 100vw, 768px\" \/><\/figure>\n\n\n\n<figure class=\"wp-block-image size-large\"><img loading=\"lazy\" decoding=\"async\" width=\"768\" height=\"1024\" data-id=\"4538\" src=\"https:\/\/www.saas-fee.ch\/blog\/wp-content\/uploads\/2022\/11\/Mittaghorn_Produkt_1_Schwarzberg-768x1024.jpg\" alt=\"\" class=\"wp-image-4538\" srcset=\"https:\/\/www.saas-fee.ch\/blog\/wp-content\/uploads\/2022\/11\/Mittaghorn_Produkt_1_Schwarzberg-768x1024.jpg 768w, https:\/\/www.saas-fee.ch\/blog\/wp-content\/uploads\/2022\/11\/Mittaghorn_Produkt_1_Schwarzberg-225x300.jpg 225w, https:\/\/www.saas-fee.ch\/blog\/wp-content\/uploads\/2022\/11\/Mittaghorn_Produkt_1_Schwarzberg-1152x1536.jpg 1152w, https:\/\/www.saas-fee.ch\/blog\/wp-content\/uploads\/2022\/11\/Mittaghorn_Produkt_1_Schwarzberg-1536x2048.jpg 1536w, https:\/\/www.saas-fee.ch\/blog\/wp-content\/uploads\/2022\/11\/Mittaghorn_Produkt_1_Schwarzberg-370x494.jpg 370w, https:\/\/www.saas-fee.ch\/blog\/wp-content\/uploads\/2022\/11\/Mittaghorn_Produkt_1_Schwarzberg-scaled.jpg 1920w\" sizes=\"auto, (max-width: 768px) 100vw, 768px\" \/><\/figure>\n\n\n\n<figure class=\"wp-block-image size-large\"><img loading=\"lazy\" decoding=\"async\" width=\"768\" height=\"1024\" data-id=\"4539\" src=\"https:\/\/www.saas-fee.ch\/blog\/wp-content\/uploads\/2022\/11\/Mittaghorn_Produkt_1-1_Schwarzberg-768x1024.jpg\" alt=\"\" class=\"wp-image-4539\" srcset=\"https:\/\/www.saas-fee.ch\/blog\/wp-content\/uploads\/2022\/11\/Mittaghorn_Produkt_1-1_Schwarzberg-768x1024.jpg 768w, https:\/\/www.saas-fee.ch\/blog\/wp-content\/uploads\/2022\/11\/Mittaghorn_Produkt_1-1_Schwarzberg-225x300.jpg 225w, https:\/\/www.saas-fee.ch\/blog\/wp-content\/uploads\/2022\/11\/Mittaghorn_Produkt_1-1_Schwarzberg-1152x1536.jpg 1152w, https:\/\/www.saas-fee.ch\/blog\/wp-content\/uploads\/2022\/11\/Mittaghorn_Produkt_1-1_Schwarzberg-1536x2048.jpg 1536w, https:\/\/www.saas-fee.ch\/blog\/wp-content\/uploads\/2022\/11\/Mittaghorn_Produkt_1-1_Schwarzberg-370x494.jpg 370w, https:\/\/www.saas-fee.ch\/blog\/wp-content\/uploads\/2022\/11\/Mittaghorn_Produkt_1-1_Schwarzberg-scaled.jpg 1920w\" sizes=\"auto, (max-width: 768px) 100vw, 768px\" \/><\/figure>\n\n\n\n<figure class=\"wp-block-image size-large\"><img loading=\"lazy\" decoding=\"async\" width=\"768\" height=\"1024\" data-id=\"4540\" src=\"https:\/\/www.saas-fee.ch\/blog\/wp-content\/uploads\/2022\/11\/Mittaghorn_Produkt_2_Schwarzberg-768x1024.jpg\" alt=\"\" class=\"wp-image-4540\" srcset=\"https:\/\/www.saas-fee.ch\/blog\/wp-content\/uploads\/2022\/11\/Mittaghorn_Produkt_2_Schwarzberg-768x1024.jpg 768w, https:\/\/www.saas-fee.ch\/blog\/wp-content\/uploads\/2022\/11\/Mittaghorn_Produkt_2_Schwarzberg-225x300.jpg 225w, https:\/\/www.saas-fee.ch\/blog\/wp-content\/uploads\/2022\/11\/Mittaghorn_Produkt_2_Schwarzberg-1152x1536.jpg 1152w, https:\/\/www.saas-fee.ch\/blog\/wp-content\/uploads\/2022\/11\/Mittaghorn_Produkt_2_Schwarzberg-1536x2048.jpg 1536w, https:\/\/www.saas-fee.ch\/blog\/wp-content\/uploads\/2022\/11\/Mittaghorn_Produkt_2_Schwarzberg-370x494.jpg 370w, https:\/\/www.saas-fee.ch\/blog\/wp-content\/uploads\/2022\/11\/Mittaghorn_Produkt_2_Schwarzberg-scaled.jpg 1920w\" sizes=\"auto, (max-width: 768px) 100vw, 768px\" \/><\/figure>\n\n\n\n<figure class=\"wp-block-image size-large\"><img loading=\"lazy\" decoding=\"async\" width=\"768\" height=\"1024\" data-id=\"4541\" src=\"https:\/\/www.saas-fee.ch\/blog\/wp-content\/uploads\/2022\/11\/Mittaghorn_Produkt_2-2_Schwarzberg-768x1024.jpg\" alt=\"\" class=\"wp-image-4541\" srcset=\"https:\/\/www.saas-fee.ch\/blog\/wp-content\/uploads\/2022\/11\/Mittaghorn_Produkt_2-2_Schwarzberg-768x1024.jpg 768w, https:\/\/www.saas-fee.ch\/blog\/wp-content\/uploads\/2022\/11\/Mittaghorn_Produkt_2-2_Schwarzberg-225x300.jpg 225w, https:\/\/www.saas-fee.ch\/blog\/wp-content\/uploads\/2022\/11\/Mittaghorn_Produkt_2-2_Schwarzberg-1152x1536.jpg 1152w, https:\/\/www.saas-fee.ch\/blog\/wp-content\/uploads\/2022\/11\/Mittaghorn_Produkt_2-2_Schwarzberg-1536x2048.jpg 1536w, https:\/\/www.saas-fee.ch\/blog\/wp-content\/uploads\/2022\/11\/Mittaghorn_Produkt_2-2_Schwarzberg-370x494.jpg 370w, https:\/\/www.saas-fee.ch\/blog\/wp-content\/uploads\/2022\/11\/Mittaghorn_Produkt_2-2_Schwarzberg-scaled.jpg 1920w\" sizes=\"auto, (max-width: 768px) 100vw, 768px\" \/><\/figure>\n\n\n\n<figure class=\"wp-block-image size-large\"><img loading=\"lazy\" decoding=\"async\" width=\"700\" height=\"933\" data-id=\"4543\" src=\"https:\/\/www.saas-fee.ch\/blog\/wp-content\/uploads\/2022\/11\/Organiser_S_Produkt_Schwarzberg.jpg\" alt=\"\" class=\"wp-image-4543\" srcset=\"https:\/\/www.saas-fee.ch\/blog\/wp-content\/uploads\/2022\/11\/Organiser_S_Produkt_Schwarzberg.jpg 700w, https:\/\/www.saas-fee.ch\/blog\/wp-content\/uploads\/2022\/11\/Organiser_S_Produkt_Schwarzberg-225x300.jpg 225w, https:\/\/www.saas-fee.ch\/blog\/wp-content\/uploads\/2022\/11\/Organiser_S_Produkt_Schwarzberg-370x494.jpg 370w\" sizes=\"auto, (max-width: 700px) 100vw, 700px\" \/><\/figure>\n<\/figure>\n\n\n\n<p>Am Rucksack selbst wird auch st\u00e4ndig weiter get\u00fcftelt, um dem Kunden das Beste zu bieten. So haben die neusten Model Hagen, an dem man am Inneren eine Trinkblase befestigen kann (dieses &#8216;Add-On&#8217; kann auf Kundenwunsch zus\u00e4tzlich umgesetzt werden) und im unteren Bereich des Rucksacks befindet sich ein st\u00e4rkeres Material, um den Rucksack von den Spitzen einer Tourenschaufel zu sch\u00fctzen. Sollte doch mal etwas kaputtgehen, dann braucht man sich keine Sorgen zu machen. Ziel des Produkts ist es, komplett nachhaltig zu sein, sodass man die Rucks\u00e4cke bei dem kleinsten Schaden nicht direkt in die Tonne wirft, sondern die Rucks\u00e4cke an <a rel=\"noreferrer noopener\" aria-label=\"Schwarzberg (\u00f6ffnet in neuem Tab)\" href=\"https:\/\/www.instagram.com\/schwarzbergequipment\/\" target=\"_blank\">Schwarzberg<\/a> zur\u00fcckschickt. Janine und Ivan nehmen die Rucks\u00e4cke gerne wieder entgegen, um den Schaden zu beheben. Mittlerweile haben die beiden auch ihren eigenen kleinen Arbeitsbereich in einer Wohnung in Saas-Grund. In zwei R\u00e4umen kann geschnitten, gen\u00e4ht und fotografiert werden. <\/p>\n\n\n\n<p>F\u00fcr die zuk\u00fcnftige Entwicklung des Unternehmens sind sie noch auf der Suche nach weiteren Mitarbeitenden im Bereich Produktion, um der Nachfrage der Kunden nachzukommen. Auf jeden Fall k\u00f6nnen Janine und Ivan schon auf viele Erfolge zur\u00fcckblicken und werden weiter f\u00fcr die Nachhaltigkeit und unseren Planeten auf diesem Erfolg aufbauen. <\/p>\n\n\n\n<figure class=\"wp-block-image size-large\"><img loading=\"lazy\" decoding=\"async\" width=\"1024\" height=\"683\" src=\"https:\/\/www.saas-fee.ch\/blog\/wp-content\/uploads\/2022\/11\/Suedlenz_rot2_Schwarzberg_Saas-Fee-1024x683.jpg\" alt=\"\" class=\"wp-image-4553\" srcset=\"https:\/\/www.saas-fee.ch\/blog\/wp-content\/uploads\/2022\/11\/Suedlenz_rot2_Schwarzberg_Saas-Fee-1024x683.jpg 1024w, https:\/\/www.saas-fee.ch\/blog\/wp-content\/uploads\/2022\/11\/Suedlenz_rot2_Schwarzberg_Saas-Fee-300x200.jpg 300w, https:\/\/www.saas-fee.ch\/blog\/wp-content\/uploads\/2022\/11\/Suedlenz_rot2_Schwarzberg_Saas-Fee-768x512.jpg 768w, https:\/\/www.saas-fee.ch\/blog\/wp-content\/uploads\/2022\/11\/Suedlenz_rot2_Schwarzberg_Saas-Fee-1536x1024.jpg 1536w, https:\/\/www.saas-fee.ch\/blog\/wp-content\/uploads\/2022\/11\/Suedlenz_rot2_Schwarzberg_Saas-Fee-2048x1365.jpg 2048w, https:\/\/www.saas-fee.ch\/blog\/wp-content\/uploads\/2022\/11\/Suedlenz_rot2_Schwarzberg_Saas-Fee-345x230.jpg 345w, https:\/\/www.saas-fee.ch\/blog\/wp-content\/uploads\/2022\/11\/Suedlenz_rot2_Schwarzberg_Saas-Fee-770x513.jpg 770w, https:\/\/www.saas-fee.ch\/blog\/wp-content\/uploads\/2022\/11\/Suedlenz_rot2_Schwarzberg_Saas-Fee-370x247.jpg 370w, https:\/\/www.saas-fee.ch\/blog\/wp-content\/uploads\/2022\/11\/Suedlenz_rot2_Schwarzberg_Saas-Fee-440x294.jpg 440w, https:\/\/www.saas-fee.ch\/blog\/wp-content\/uploads\/2022\/11\/Suedlenz_rot2_Schwarzberg_Saas-Fee-570x380.jpg 570w, https:\/\/www.saas-fee.ch\/blog\/wp-content\/uploads\/2022\/11\/Suedlenz_rot2_Schwarzberg_Saas-Fee-170x113.jpg 170w\" sizes=\"auto, (max-width: 1024px) 100vw, 1024px\" \/><\/figure>\n","protected":false},"excerpt":{"rendered":"<p>Vom Himmel an den R\u00fccken Ausgediente Gleitschirme m\u00fcssen jetzt nicht mehr weggeworfen werden. In Saas-Fee machen zwei Outdoorfans daraus hochwertige Tourenrucks\u00e4cke. Und schaffen so im vom Tourismus gepr\u00e4gten Ort begehrte Zwischensaison-Jobs. www.berghilfe.ch Warum eigentlich, gibt es nicht schon genug nachhaltige Outdoor-Marken?Diese Frage findet man auf der Homepage von Schwarzberg. Die Antwort dazu: Bestimmt ist dir [&hellip;]<\/p>\n","protected":false},"author":3,"featured_media":4535,"comment_status":"closed","ping_status":"open","sticky":false,"template":"","format":"standard","meta":{"footnotes":""},"categories":[286,54,53],"tags":[],"class_list":["post-4531","post","type-post","status-publish","format-standard","has-post-thumbnail","hentry","category-deutsch","category-discover-experience","category-menschen"],"_links":{"self":[{"href":"https:\/\/www.saas-fee.ch\/blog\/wp-json\/wp\/v2\/posts\/4531","targetHints":{"allow":["GET"]}}],"collection":[{"href":"https:\/\/www.saas-fee.ch\/blog\/wp-json\/wp\/v2\/posts"}],"about":[{"href":"https:\/\/www.saas-fee.ch\/blog\/wp-json\/wp\/v2\/types\/post"}],"author":[{"embeddable":true,"href":"https:\/\/www.saas-fee.ch\/blog\/wp-json\/wp\/v2\/users\/3"}],"replies":[{"embeddable":true,"href":"https:\/\/www.saas-fee.ch\/blog\/wp-json\/wp\/v2\/comments?post=4531"}],"version-history":[{"count":38,"href":"https:\/\/www.saas-fee.ch\/blog\/wp-json\/wp\/v2\/posts\/4531\/revisions"}],"predecessor-version":[{"id":4651,"href":"https:\/\/www.saas-fee.ch\/blog\/wp-json\/wp\/v2\/posts\/4531\/revisions\/4651"}],"wp:featuredmedia":[{"embeddable":true,"href":"https:\/\/www.saas-fee.ch\/blog\/wp-json\/wp\/v2\/media\/4535"}],"wp:attachment":[{"href":"https:\/\/www.saas-fee.ch\/blog\/wp-json\/wp\/v2\/media?parent=4531"}],"wp:term":[{"taxonomy":"category","embeddable":true,"href":"https:\/\/www.saas-fee.ch\/blog\/wp-json\/wp\/v2\/categories?post=4531"},{"taxonomy":"post_tag","embeddable":true,"href":"https:\/\/www.saas-fee.ch\/blog\/wp-json\/wp\/v2\/tags?post=4531"}],"curies":[{"name":"wp","href":"https:\/\/api.w.org\/{rel}","templated":true}]}}