{"id":3668,"date":"2021-07-13T10:38:11","date_gmt":"2021-07-13T08:38:11","guid":{"rendered":"https:\/\/www.saas-fee.ch\/blog\/?p=3668"},"modified":"2023-10-22T14:08:03","modified_gmt":"2023-10-22T12:08:03","slug":"le-stress-ne-monte-pas-jusquici","status":"publish","type":"post","link":"https:\/\/www.saas-fee.ch\/blog\/2021\/07\/le-stress-ne-monte-pas-jusquici\/","title":{"rendered":"Le stress ne monte pas jusqu&#8217;ici"},"content":{"rendered":"\n<p><strong>Pour rien au monde, la native de Saas-Almagell Maria Anthamatten ne voudrait changer de m\u00e9tier. Rien d\u2019\u00e9tonnant \u00e0 cela: quand on est gardienne de cabane \u00e0 la Mischabelh\u00fctte, les merveilleux levers de soleil font partie du quotidien. <\/strong><\/p>\n\n\n\n<p>Il n\u2019y a probablement pas beaucoup d\u2019\u00e9viers dans le monde avec une vue comme celle-ci. Lorsque l\u2019\u00e9quipe de Maria Anthamatten lave la vaisselle le soir, il lui suffit de lever les yeux pour voir les sommets de quatre mille m\u00e8tres environnants s\u2019embraser d\u2019une lueur rouge. Alors, la femme de 38 ans se dit int\u00e9rieurement que \u00abc\u2019est un immense privil\u00e8ge d\u2019\u00eatre ici\u00bb. En 2021, elle abordera sa onzi\u00e8me saison \u00e0 la Mischabelh\u00fctte. Un travail \u00e9reintant \u00e0 3340 m\u00e8tres d\u2019altitude: le petit d\u00e9jeuner est servi aux premiers alpinistes \u00e0 2h30 du matin. Pour eux, la cabane et ses lits sont le camp de base pour les ascensions des sommets environnants de quatre mille m\u00e8tres, comme le Nadelhorn ou la Lenzspitze. Pour Maria et son \u00e9quipe, c\u2019est \u00e0 la fois le lieu de travail et le domicile, chaque jour entre mi-juin et mi-septembre. Il ne reste gu\u00e8re de temps pour la vie priv\u00e9e. Les journ\u00e9es de travail sont longues: il n\u2019est pas rare qu\u2019elles se finissent \u00e0 22 heures. \u00abBien s\u00fbr, les journ\u00e9es sont tr\u00e8s charg\u00e9es\u00bb, dit Maria. \u00abMais avec la bonne \u00e9quipe qui m\u2019entoure, j\u2019ai rarement l\u2019impression d\u2019\u00eatre ici pour le travail.\u00bb <\/p>\n\n\n\n<p>La passion pour les cabanes et l\u2019univers de la montagne a pour ainsi dire \u00e9t\u00e9 d\u00e9pos\u00e9e dans le berceau de Maria: son grand-p\u00e8re Alfred Anthamatten \u00e9tait guide de montagne et g\u00e9rait l\u2019Almagellerh\u00fctte. Celle-ci est d\u00e9sormais dirig\u00e9e par son oncle Hugo et son cousin Gabriel. D\u00e8s son plus jeune \u00e2ge,  Maria donnait un coup de main \u00e0 l\u2019Almagellerh\u00fctte. Lorsque l\u2019infirmi\u00e8re dipl\u00f4m\u00e9e, qui travaille \u00e0 l\u2019h\u00f4pital de Vi\u00e8ge durant les mois d\u2019hiver, a pos\u00e9 sa candidature pour la Mischabelh\u00fctte, elle a aussit\u00f4t obtenu le poste.<\/p>\n\n\n\n<div class=\"wp-block-image\"><figure class=\"aligncenter size-large\"><img loading=\"lazy\" decoding=\"async\" width=\"413\" height=\"670\" src=\"https:\/\/www.saas-fee.ch\/blog\/wp-content\/uploads\/2021\/07\/Maria-3.png\" alt=\"\" class=\"wp-image-3669\" srcset=\"https:\/\/www.saas-fee.ch\/blog\/wp-content\/uploads\/2021\/07\/Maria-3.png 413w, https:\/\/www.saas-fee.ch\/blog\/wp-content\/uploads\/2021\/07\/Maria-3-185x300.png 185w\" sizes=\"auto, (max-width: 413px) 100vw, 413px\" \/><figcaption> En d\u00e9pit de la charge de travail, Maria Anthamatten consid\u00e8re chaque jour pass\u00e9 \u00e0 la cabane comme un privil\u00e8ge.<\/figcaption><\/figure><\/div>\n\n\n\n<p><strong>\u00c9nergie solaire et eau glaciaire <\/strong><br>La Mischabelh\u00fctte est \u00e9galement une destination de choix pour les randonneurs: l\u2019acc\u00e8s \u00e0 la cabane emprunte un itin\u00e9raire aussi vari\u00e9 qu\u2019exigeant qui demande trois heures d\u2019efforts au d\u00e9part de la station sup\u00e9rieure de la t\u00e9l\u00e9cabine Hannig. Les secteurs expos\u00e9s du sentier sont \u00e9quip\u00e9s de c\u00e2bles et d\u2019une \u00e9chelle. Les repas servis \u00e0 la cabane par Maria et son \u00e9quipe sont pr\u00e9par\u00e9s sur un r\u00e9chaud \u00e0 gaz. Des panneaux solaires alimentent la cabane en \u00e9lectricit\u00e9. Mais cela ne suffit pas pour les appareils de cuisine. L\u2019approvisionnement en eau repr\u00e9sente une corv\u00e9e suppl\u00e9mentaire: au printemps, l\u2019\u00e9quipe creuse la neige jusqu\u2019\u00e0 cinq m\u00e8tres de profondeur sur le glacier au-dessus de la cabane. Elle met en place des conduites qui acheminent l\u2019eau glaciaire vers les r\u00e9servoirs de 20 000 litres qui jouxtent les b\u00e2timents, 1500 m\u00e8tres au-dessus de Saas-Fee. Malgr\u00e9 le dur labeur, Maria ressent \u00e0 chaque fois une certaine nostalgie lorsqu\u2019elle ferme les volets de la Mischabelh\u00fctte \u00e0 l\u2019automne: \u00abC\u2019est un immense privil\u00e8ge de pouvoir passer l\u2019\u00e9t\u00e9 ici\u00bb, confie la native de Saas-Almagell. Les levers de soleil compensent \u00e0 eux seuls tous les efforts fournis: \u00abC\u2019est  comme si le stress ne montait pas jusqu\u2019ici, comme si je l\u2019abandonnais dans la vall\u00e9e \u00e0 chaque printemps.\u00bb <\/p>\n\n\n\n<p><strong><a href=\"https:\/\/www.saas-fee.ch\/fr\/hebergements\/cabanes-de-montagne\/tour-des-cabanes-de-la-vallee-de-saas\">Tour des cabanes de la vall\u00e9e de Saas<\/a><\/strong><br>D\u00e9couvrez la r\u00e9gion de vacances de Saas-Fee\/Saastal de son c\u00f4t\u00e9 alpin. Le tour de plusieurs jours des cabanes de la vall\u00e9e de Saas vous fait d\u00e9couvrir l&#8217;univers de la montagne de la vall\u00e9e de Saas en environ 26 heures de marche, 65 km distance et plus de 5&#8217;227 m\u00e8tres d&#8217;altitude.\u00a0 Des flancs de montagne accident\u00e9s, de la glace de glacier sous les pieds, la tranquillit\u00e9 alpine, des vues \u00e0 couper le souffle sur les sommets de la vall\u00e9e de Saas \u00e0 4&#8217;000 m et la vie en cabane aux cabanes Weissmies, Almageller, Britannia et Mischabel vous attendent. <\/p>\n\n\n\n<figure class=\"wp-block-embed-youtube wp-block-embed is-type-video is-provider-youtube wp-embed-aspect-16-9 wp-has-aspect-ratio\"><div class=\"wp-block-embed__wrapper\">\n<iframe loading=\"lazy\" title=\"4545: Above The Clouds\" width=\"474\" height=\"267\" src=\"https:\/\/www.youtube.com\/embed\/LQRbD3yCgnc?feature=oembed\" frameborder=\"0\" allow=\"accelerometer; autoplay; clipboard-write; encrypted-media; gyroscope; picture-in-picture; web-share\" referrerpolicy=\"strict-origin-when-cross-origin\" allowfullscreen><\/iframe>\n<\/div><\/figure>\n","protected":false},"excerpt":{"rendered":"<p>Pour rien au monde, la native de Saas-Almagell Maria Anthamatten ne voudrait changer de m\u00e9tier. Rien d\u2019\u00e9tonnant \u00e0 cela: quand on est gardienne de cabane \u00e0 la Mischabelh\u00fctte, les merveilleux levers de soleil font partie du quotidien. Il n\u2019y a probablement pas beaucoup d\u2019\u00e9viers dans le monde avec une vue comme celle-ci. Lorsque l\u2019\u00e9quipe de [&hellip;]<\/p>\n","protected":false},"author":13,"featured_media":3658,"comment_status":"closed","ping_status":"open","sticky":false,"template":"","format":"standard","meta":{"footnotes":""},"categories":[284,132],"tags":[],"class_list":["post-3668","post","type-post","status-publish","format-standard","has-post-thumbnail","hentry","category-francais","category-personnes"],"_links":{"self":[{"href":"https:\/\/www.saas-fee.ch\/blog\/wp-json\/wp\/v2\/posts\/3668","targetHints":{"allow":["GET"]}}],"collection":[{"href":"https:\/\/www.saas-fee.ch\/blog\/wp-json\/wp\/v2\/posts"}],"about":[{"href":"https:\/\/www.saas-fee.ch\/blog\/wp-json\/wp\/v2\/types\/post"}],"author":[{"embeddable":true,"href":"https:\/\/www.saas-fee.ch\/blog\/wp-json\/wp\/v2\/users\/13"}],"replies":[{"embeddable":true,"href":"https:\/\/www.saas-fee.ch\/blog\/wp-json\/wp\/v2\/comments?post=3668"}],"version-history":[{"count":3,"href":"https:\/\/www.saas-fee.ch\/blog\/wp-json\/wp\/v2\/posts\/3668\/revisions"}],"predecessor-version":[{"id":3682,"href":"https:\/\/www.saas-fee.ch\/blog\/wp-json\/wp\/v2\/posts\/3668\/revisions\/3682"}],"wp:featuredmedia":[{"embeddable":true,"href":"https:\/\/www.saas-fee.ch\/blog\/wp-json\/wp\/v2\/media\/3658"}],"wp:attachment":[{"href":"https:\/\/www.saas-fee.ch\/blog\/wp-json\/wp\/v2\/media?parent=3668"}],"wp:term":[{"taxonomy":"category","embeddable":true,"href":"https:\/\/www.saas-fee.ch\/blog\/wp-json\/wp\/v2\/categories?post=3668"},{"taxonomy":"post_tag","embeddable":true,"href":"https:\/\/www.saas-fee.ch\/blog\/wp-json\/wp\/v2\/tags?post=3668"}],"curies":[{"name":"wp","href":"https:\/\/api.w.org\/{rel}","templated":true}]}}